{"id":70385,"date":"2024-02-03T11:14:06","date_gmt":"2024-02-03T11:14:06","guid":{"rendered":"https:\/\/rdnews.al\/?p=70385"},"modified":"2024-02-03T16:07:12","modified_gmt":"2024-02-03T16:07:12","slug":"molla-serbe-le-ne-stok-prodhimin-e-korces-fermeret-ne-proteste","status":"publish","type":"post","link":"https:\/\/rdnews.al\/index.php\/2024\/02\/03\/molla-serbe-le-ne-stok-prodhimin-e-korces-fermeret-ne-proteste\/","title":{"rendered":"Molla serbe le n\u00eb stok prodhimin e Kor\u00e7\u00ebs, fermer\u00ebt n\u00eb protest\u00eb"},"content":{"rendered":"<p>Molla e Kor\u00e7\u00ebs ka mbetur stok dhe kjo ka detyruar fermer\u00ebt t\u00eb dalin n\u00eb protest\u00eb m\u00ebngjesin e k\u00ebsaj t\u00eb shtune.<\/p>\n<p>Dhjet\u00ebra fermer\u00eb jan\u00eb mbledhur n\u00eb kryq\u00ebzimin e fshatit Zvirin\u00eb n\u00eb aksin nacional Kor\u00e7\u00eb-Pogradec. Fermer\u00ebt e fshatit Zvirin\u00eb thon\u00eb se molla e tyre ka mbetur pa shitur p\u00ebr shkak t\u00eb hyrjes s\u00eb moll\u00ebs nga importi.<\/p>\n<p>Sipas grumbulluesve t\u00eb molles, dy jan\u00eb faktor\u00ebt, \u00e7mimi i lart\u00eb kur ky frut u mblodh dhe hyrja e moll\u00ebs nga importi, kryesisht nga Serbia, nd\u00ebrsa qeveria duhet t\u00eb reagoj\u00eb urgjentisht p\u00ebr t\u00eb mbrojtur prodhimin vendas.<\/p>\n<p>N\u00eb k\u00ebt\u00eb protest\u00eb t\u00eb lajm\u00ebruar m\u00eb her\u00ebt ka edhe forca policie te cilat jan\u00eb pozicionuar n\u00eb k\u00ebt\u00eb aks p\u00ebr t\u00eb kontrolluar situat\u00ebn.<\/p>\n<p>Rreth 15 mij\u00eb ton molle kan\u00eb mbetur pa u shitur n\u00eb frigorifer\u00ebt e juglindjes s\u00eb vendit dhe shkak sipas grumbulluesve t\u00eb m\u00ebdhenj t\u00eb k\u00ebtij fruti jan\u00eb grumbullimi q\u00eb \u00ebsht\u00eb b\u00ebr\u00eb me \u00e7mim t\u00eb lart\u00eb n\u00eb sezon si dhe hyrja e moll\u00ebs nga importi.<\/p>\n","protected":false},"excerpt":{"rendered":"<p>Molla e Kor\u00e7\u00ebs ka mbetur stok dhe kjo ka detyruar fermer\u00ebt t\u00eb dalin n\u00eb protest\u00eb m\u00ebngjesin e k\u00ebsaj t\u00eb shtune. Dhjet\u00ebra fermer\u00eb jan\u00eb mbledhur n\u00eb kryq\u00ebzimin e fshatit Zvirin\u00eb n\u00eb aksin nacional Kor\u00e7\u00eb-Pogradec. Fermer\u00ebt e fshatit Zvirin\u00eb thon\u00eb se molla e tyre ka mbetur pa shitur p\u00ebr shkak t\u00eb hyrjes s\u00eb moll\u00ebs nga importi. Sipas &hellip;<\/p>\n","protected":false},"author":4,"featured_media":70386,"comment_status":"closed","ping_status":"closed","sticky":false,"template":"","format":"standard","meta":{"footnotes":""},"categories":[40,46],"tags":[],"class_list":["post-70385","post","type-post","status-publish","format-standard","has-post-thumbnail","","category-aktualitet","category-ekonomi"],"_links":{"self":[{"href":"https:\/\/rdnews.al\/index.php\/wp-json\/wp\/v2\/posts\/70385","targetHints":{"allow":["GET"]}}],"collection":[{"href":"https:\/\/rdnews.al\/index.php\/wp-json\/wp\/v2\/posts"}],"about":[{"href":"https:\/\/rdnews.al\/index.php\/wp-json\/wp\/v2\/types\/post"}],"author":[{"embeddable":true,"href":"https:\/\/rdnews.al\/index.php\/wp-json\/wp\/v2\/users\/4"}],"replies":[{"embeddable":true,"href":"https:\/\/rdnews.al\/index.php\/wp-json\/wp\/v2\/comments?post=70385"}],"version-history":[{"count":0,"href":"https:\/\/rdnews.al\/index.php\/wp-json\/wp\/v2\/posts\/70385\/revisions"}],"wp:featuredmedia":[{"embeddable":true,"href":"https:\/\/rdnews.al\/index.php\/wp-json\/wp\/v2\/media\/70386"}],"wp:attachment":[{"href":"https:\/\/rdnews.al\/index.php\/wp-json\/wp\/v2\/media?parent=70385"}],"wp:term":[{"taxonomy":"category","embeddable":true,"href":"https:\/\/rdnews.al\/index.php\/wp-json\/wp\/v2\/categories?post=70385"},{"taxonomy":"post_tag","embeddable":true,"href":"https:\/\/rdnews.al\/index.php\/wp-json\/wp\/v2\/tags?post=70385"}],"curies":[{"name":"wp","href":"https:\/\/api.w.org\/{rel}","templated":true}]}}