{"id":70413,"date":"2024-02-03T17:50:10","date_gmt":"2024-02-03T17:50:10","guid":{"rendered":"https:\/\/rdnews.al\/?p=70413"},"modified":"2024-02-03T17:50:10","modified_gmt":"2024-02-03T17:50:10","slug":"noka-keshilli-kombetar-mori-vendim-kthesa-e-madhe-fillon-te-henen-para-parlamentit","status":"publish","type":"post","link":"https:\/\/rdnews.al\/index.php\/2024\/02\/03\/noka-keshilli-kombetar-mori-vendim-kthesa-e-madhe-fillon-te-henen-para-parlamentit\/","title":{"rendered":"Noka: K\u00ebshilli Komb\u00ebtar mori vendim, kthesa e madhe fillon t\u00eb h\u00ebn\u00ebn para Parlamentit"},"content":{"rendered":"<p>Sekretari i P\u00ebrgjithsh\u00ebm i PD, Flamur Noka ka hapur protest\u00ebn e sotme t\u00eb 34-t\u00eb resht te Rruga e Shpres\u00ebs, n\u00eb mb\u00ebshtetje t\u00eb liderit t\u00eb opozit\u00ebs Sali Berisha, i cili po vuan d\u00ebnimin politik me arrest sht\u00ebpie t\u00eb urdh\u00ebruar nga Edi Rama.<\/p>\n<p>N\u00eb fjal\u00ebn e tij Noka theksoi se K\u00ebshilli Komb\u00ebtar i PD-s\u00eb, mori vendimin q\u00eb kthesa e madhe t\u00eb filloj\u00eb dit\u00ebn e h\u00ebn\u00eb para parlamentit dhe t\u00eb vazhdoj\u00eb n\u00eb \u00e7do cep t\u00eb Shqip\u00ebris\u00eb, kund\u00ebr regjimit t\u00eb Edi Ram\u00ebs.<\/p>\n<p>\u201cK\u00ebshilli Komb\u00ebtar i PD analizoi situat\u00ebn e r\u00ebnd\u00eb n\u00eb t\u00eb cil\u00ebn Edi Rama e ka fituar demokracin\u00eb n\u00eb Shqip\u00ebrin\u00eb, situat\u00ebn n\u00eb t\u00eb cil\u00ebn ndodhet forca jon\u00eb politike si pasoj\u00eb e veprimeve t\u00eb edi Ram\u00ebs dhe veglave t\u00eb tij.<\/p>\n<p>K\u00ebshilli Komb\u00ebtar i PD, me p\u00ebrgjegj\u00ebsin\u00eb e vetme q\u00eb rruga e vetme ndaj k\u00ebtij regjimi \u00ebsht\u00eb p\u00ebrballja dhe p\u00ebrshkall\u00ebzimi i aksionit ton\u00eb opozitar.<\/p>\n<p>K\u00ebshilli Komb\u00ebtar i PD vendosi q\u00eb dit\u00ebn e h\u00ebn\u00eb n\u00eb ora 17:00 t\u00eb nis\u00eb hapi i par\u00eb i p\u00ebrshkall\u00ebzimit t\u00eb aksionit ton\u00eb politik p\u00ebrpara parlamentit, q\u00eb \u00ebsht\u00eb kthyer n\u00eb nj\u00eb parlament t\u00eb regjimit, n\u00eb nj\u00eb parlament t\u00eb trafikut, n\u00eb nj\u00eb parlament t\u00eb krimit.<\/p>\n<p>K\u00ebshilli Komb\u00ebtar vendosi q\u00eb dit\u00ebn e h\u00ebn\u00eb t\u00eb gjith\u00eb t\u2019i \u00e7ojm\u00eb nj\u00eb mesazh Edi Ram\u00ebs q\u00eb nuk do ket\u00eb kurr\u00eb paqe p\u00ebr ty, nuk do ket\u00eb kurr\u00eb paqe p\u00ebr regjimin t\u00ebnd kriminal p\u00ebr sa koh\u00eb ti e konsideron opozit\u00ebn armike, p\u00ebr sa koh\u00eb ti ka vendosur asgj\u00ebsimin e saj, p\u00ebr sa koh\u00eb ti vazhdon t\u00eb \u00e7osh amanetin e et\u00ebrve t\u00eb tu, amanet q\u00eb synon eliminimin e demokracis\u00eb dhe rikthimin e monizmit.<\/p>\n<p>Ne jemi t\u00eb vendosur q\u00eb t\u00eb ecim n\u00eb k\u00ebt\u00eb rrug\u00eb dhe t\u00eb mos lejojm\u00eb p\u00ebrmbushjen e k\u00ebtij amaneti t\u00eb et\u00ebrve t\u00eb tij.<\/p>\n<p>Nga kjo mbledhje e K\u00ebshillit Komb\u00ebtar ne vendos\u00ebm q\u00eb pas dit\u00ebs s\u00eb h\u00ebn\u00eb, do t\u00eb jemi n\u00eb \u00e7do cep t\u00eb Shqip\u00ebris\u00eb, do jemi n\u00eb \u00e7do rrug\u00eb dhe \u00e7do rrugic\u00eb t\u00eb k\u00ebtij vendi, p\u00ebr t\u00eb frym\u00ebzuar qytetar\u00ebt, p\u00ebr t\u00eb ngritur demokrat\u00ebt dhe p\u00ebr t\u2019u prir\u00eb atyre n\u00eb betej\u00ebn p\u00ebr demokraci.<\/p>\n<p>Sepse Edi Rama me burgosjen e Sali Berish\u00ebs nuk kishte asnj\u00eb q\u00ebllim tjet\u00ebr p\u00ebrve\u00e7se mbylljen e goj\u00ebs dhe asgj\u00ebsimin e PD.<\/p>\n<p>K\u00ebshilli Komb\u00ebtar i PD vendosi q\u00eb Edi Rama t\u00eb shpallet armiku i liris\u00eb s\u00eb shqiptar\u00ebve, armiku i demokracis\u00eb.<\/p>\n<p>Ndaj jemi t\u00eb vendosur p\u00ebr t\u00eb th\u00ebn\u00eb se nga Rruga e Shpres\u00ebs do japim shpres\u00eb dhe p\u00ebrshkall\u00ebzimi i k\u00ebtij aksioni nuk do t\u00eb ket\u00eb t\u00eb ndalur.<\/p>\n<p>K\u00ebshilli Komb\u00ebtar i PD mori vendim q\u00eb kthesa e madhe fillon dit\u00ebn e h\u00ebn\u00eb. Kthesa e madhe do filloj\u00eb p\u00ebrball\u00eb parlamentit dhe nuk do t\u00eb ket\u00eb t\u00eb ndalur gjersa ta gjunj\u00ebzojm\u00eb k\u00ebt\u00eb regjim.<\/p>\n<p>Ta marrim n\u00eb dor\u00eb fatin ton\u00eb. Nuk ka rrug\u00eb tjet\u00ebr dhe kjo ishte nj\u00eb nga rrug\u00ebt e vetme q\u00eb K\u00ebshilli Komb\u00ebtar i PD u propozon t\u00eb gjith\u00eb demokrat\u00ebve dhe t\u00eb gjith\u00eb aleat\u00ebve tan\u00eb opozitar\u00eb.<\/p>\n<p>T\u00eb ngrihemi dhe t\u00eb p\u00ebrballemi!\u201d, u shpreh Noka.<\/p>\n","protected":false},"excerpt":{"rendered":"<p>Sekretari i P\u00ebrgjithsh\u00ebm i PD, Flamur Noka ka hapur protest\u00ebn e sotme t\u00eb 34-t\u00eb resht te Rruga e Shpres\u00ebs, n\u00eb mb\u00ebshtetje t\u00eb liderit t\u00eb opozit\u00ebs Sali Berisha, i cili po vuan d\u00ebnimin politik me arrest sht\u00ebpie t\u00eb urdh\u00ebruar nga Edi Rama. N\u00eb fjal\u00ebn e tij Noka theksoi se K\u00ebshilli Komb\u00ebtar i PD-s\u00eb, mori vendimin q\u00eb &hellip;<\/p>\n","protected":false},"author":4,"featured_media":69713,"comment_status":"closed","ping_status":"closed","sticky":false,"template":"","format":"standard","meta":{"footnotes":""},"categories":[37],"tags":[],"class_list":["post-70413","post","type-post","status-publish","format-standard","has-post-thumbnail","","category-politike"],"_links":{"self":[{"href":"https:\/\/rdnews.al\/index.php\/wp-json\/wp\/v2\/posts\/70413","targetHints":{"allow":["GET"]}}],"collection":[{"href":"https:\/\/rdnews.al\/index.php\/wp-json\/wp\/v2\/posts"}],"about":[{"href":"https:\/\/rdnews.al\/index.php\/wp-json\/wp\/v2\/types\/post"}],"author":[{"embeddable":true,"href":"https:\/\/rdnews.al\/index.php\/wp-json\/wp\/v2\/users\/4"}],"replies":[{"embeddable":true,"href":"https:\/\/rdnews.al\/index.php\/wp-json\/wp\/v2\/comments?post=70413"}],"version-history":[{"count":0,"href":"https:\/\/rdnews.al\/index.php\/wp-json\/wp\/v2\/posts\/70413\/revisions"}],"wp:featuredmedia":[{"embeddable":true,"href":"https:\/\/rdnews.al\/index.php\/wp-json\/wp\/v2\/media\/69713"}],"wp:attachment":[{"href":"https:\/\/rdnews.al\/index.php\/wp-json\/wp\/v2\/media?parent=70413"}],"wp:term":[{"taxonomy":"category","embeddable":true,"href":"https:\/\/rdnews.al\/index.php\/wp-json\/wp\/v2\/categories?post=70413"},{"taxonomy":"post_tag","embeddable":true,"href":"https:\/\/rdnews.al\/index.php\/wp-json\/wp\/v2\/tags?post=70413"}],"curies":[{"name":"wp","href":"https:\/\/api.w.org\/{rel}","templated":true}]}}