{"id":70493,"date":"2024-02-05T12:11:01","date_gmt":"2024-02-05T12:11:01","guid":{"rendered":"https:\/\/rdnews.al\/?p=70493"},"modified":"2024-02-05T12:11:01","modified_gmt":"2024-02-05T12:11:01","slug":"boci-protestat-nuk-do-jene-shetitje-ne-bulevard","status":"publish","type":"post","link":"https:\/\/rdnews.al\/index.php\/2024\/02\/05\/boci-protestat-nuk-do-jene-shetitje-ne-bulevard\/","title":{"rendered":"Bo\u00e7i: Protestat nuk do jen\u00eb sh\u00ebtitje n\u00eb bulevard"},"content":{"rendered":"<p>N\u00ebnkryetari i PD, Lu\u00e7iano Bo\u00e7i, foli p\u00ebr protest\u00ebn e opozit\u00ebs sot para Kuvendit si dhe p\u00ebr aksionin e opozit\u00ebs n\u00eb dit\u00ebt n\u00eb vijim. N\u00eb nj\u00eb intervist\u00eb n\u00eb \u201cOra News\u201d, Bo\u00e7i u shpreh se protestat nuk do jen\u00eb sh\u00ebtitje n\u00eb bulevard apo shp\u00ebrndarje tr\u00ebndafilash.<\/p>\n<p>\u201cKur rregullat e loj\u00ebs jan\u00eb t\u00eb sulmuara sigurisht q\u00eb do ket\u00eb reagim. Ka pasur mosbindje civile n\u00eb parlament, q\u00eb do vazhdojn\u00eb edhe nes\u00ebr. Do ket\u00eb njer\u00ebz, \u00ebsht\u00eb b\u00ebr\u00eb thirrje q\u00eb t\u00eb jen\u00eb prezent\u00eb para parlamentit. Edhe strukturat e PD jan\u00eb lajm\u00ebruar. Ka t\u00eb b\u00ebj\u00eb me rezistenc\u00ebn q\u00eb ka shfaqur dhe do e shfaq\u00eb n\u00eb vazhdim. Opozita nuk do heq\u00eb dor\u00eb nga mosbindja civile. Protestat nuk do jen\u00eb sh\u00ebtitje n\u00eb bulevard apo shp\u00ebrndarje tr\u00ebndafilash\u201c, tha ai.<\/p>\n","protected":false},"excerpt":{"rendered":"<p>N\u00ebnkryetari i PD, Lu\u00e7iano Bo\u00e7i, foli p\u00ebr protest\u00ebn e opozit\u00ebs sot para Kuvendit si dhe p\u00ebr aksionin e opozit\u00ebs n\u00eb dit\u00ebt n\u00eb vijim. N\u00eb nj\u00eb intervist\u00eb n\u00eb \u201cOra News\u201d, Bo\u00e7i u shpreh se protestat nuk do jen\u00eb sh\u00ebtitje n\u00eb bulevard apo shp\u00ebrndarje tr\u00ebndafilash. \u201cKur rregullat e loj\u00ebs jan\u00eb t\u00eb sulmuara sigurisht q\u00eb do ket\u00eb reagim. &hellip;<\/p>\n","protected":false},"author":4,"featured_media":58725,"comment_status":"closed","ping_status":"closed","sticky":false,"template":"","format":"standard","meta":{"footnotes":""},"categories":[37],"tags":[],"class_list":["post-70493","post","type-post","status-publish","format-standard","has-post-thumbnail","","category-politike"],"_links":{"self":[{"href":"https:\/\/rdnews.al\/index.php\/wp-json\/wp\/v2\/posts\/70493","targetHints":{"allow":["GET"]}}],"collection":[{"href":"https:\/\/rdnews.al\/index.php\/wp-json\/wp\/v2\/posts"}],"about":[{"href":"https:\/\/rdnews.al\/index.php\/wp-json\/wp\/v2\/types\/post"}],"author":[{"embeddable":true,"href":"https:\/\/rdnews.al\/index.php\/wp-json\/wp\/v2\/users\/4"}],"replies":[{"embeddable":true,"href":"https:\/\/rdnews.al\/index.php\/wp-json\/wp\/v2\/comments?post=70493"}],"version-history":[{"count":0,"href":"https:\/\/rdnews.al\/index.php\/wp-json\/wp\/v2\/posts\/70493\/revisions"}],"wp:featuredmedia":[{"embeddable":true,"href":"https:\/\/rdnews.al\/index.php\/wp-json\/wp\/v2\/media\/58725"}],"wp:attachment":[{"href":"https:\/\/rdnews.al\/index.php\/wp-json\/wp\/v2\/media?parent=70493"}],"wp:term":[{"taxonomy":"category","embeddable":true,"href":"https:\/\/rdnews.al\/index.php\/wp-json\/wp\/v2\/categories?post=70493"},{"taxonomy":"post_tag","embeddable":true,"href":"https:\/\/rdnews.al\/index.php\/wp-json\/wp\/v2\/tags?post=70493"}],"curies":[{"name":"wp","href":"https:\/\/api.w.org\/{rel}","templated":true}]}}