{"id":70496,"date":"2024-02-05T13:14:12","date_gmt":"2024-02-05T13:14:12","guid":{"rendered":"https:\/\/rdnews.al\/?p=70496"},"modified":"2024-02-06T10:19:48","modified_gmt":"2024-02-06T10:19:48","slug":"noka-po-te-kishte-drejtesi-sot-qeveria-do-kishte-rene","status":"publish","type":"post","link":"https:\/\/rdnews.al\/index.php\/2024\/02\/05\/noka-po-te-kishte-drejtesi-sot-qeveria-do-kishte-rene\/","title":{"rendered":"Noka: Po t\u00eb kishte drejt\u00ebsi, sot Qeveria do kishte r\u00ebn\u00eb!"},"content":{"rendered":"<p>Sekretari i P\u00ebrgjithsh\u00ebm i PD, Flamur Noka dha nj\u00eb deklarat\u00eb sot n\u00eb p\u00ebrfundim t\u00eb mbledhjes s\u00eb Grupit parlamentar t\u00eb PD, e cila i paraprin protest\u00ebs s\u00eb opozit\u00ebs sot n\u00eb parlament n\u00eb or\u00ebn 17:00.<\/p>\n<p>Nga Kryesia e Kuvendit, Noka tha se, grupi parlamentar i PD diskutoi me shqet\u00ebsim t\u00eb madh situat\u00ebn q\u00eb vjen si pasoj\u00eb e deklaratave t\u00eb numrit 2 t\u00eb Rilindjes, i cili qart\u00ebsoi shqiptar\u00ebt se kemi t\u00eb b\u00ebjm\u00eb jo me nj\u00eb qeveri, por me nj\u00eb organizat\u00eb kriminale t\u00eb tipit mafioz q\u00eb k\u00ebrc\u00ebnon me jet\u00eb \u00e7do njeri q\u00eb i del kund\u00ebr.<\/p>\n<p>DEKLARATA E SEKRETARIT T\u00cb P\u00cbRGJITSH\u00cbM T\u00cb PD, FLAMUR NOKA:<\/p>\n<p>Grupi parlamentar i PD diskutoi me shqet\u00ebsim t\u00eb madh situat\u00ebn q\u00eb vjen si pasoj\u00eb e deklaratave t\u00eb numrit 2 t\u00eb Rilindjes, i cili qart\u00ebsoi shqiptar\u00ebt se kemi t\u00eb b\u00ebjm\u00eb jo me nj\u00eb qeveri, por me nj\u00eb organizat\u00eb kriminale t\u00eb tipit mafioz q\u00eb k\u00ebrc\u00ebnon me jet\u00eb \u00e7do njeri q\u00eb i del kund\u00ebr.<\/p>\n<p>Deklaratat e Arben Ahmetajt n\u00eb nj\u00eb nga mediat e k\u00ebtij vendi ishte nj\u00eb alarm i madh se n\u00eb Shqip\u00ebri ka dy organizata kriminale.<\/p>\n<p>E para \u00ebsht\u00eb qeveria q\u00eb vjedh dhe vet\u00ebm vjedh, dhe q\u00eb pronar\u00ebt e inceneratorit p\u00ebr Tiran\u00ebn \u00ebsht\u00eb Erion Vleiaj dhe p\u00ebr incenerator\u00ebt e tjer\u00eb \u00ebsht\u00eb Edi Rama.<\/p>\n<p>Dhe e dyta se ka nj\u00eb organizat\u00eb kriminale tjet\u00ebr t\u00eb quajtur SKAP, e cila vepron me urdh\u00ebr politik n\u00eb prapavij\u00eb duke mbuluar gjurm\u00ebt e krimit t\u00eb organizat\u00ebs s\u00eb par\u00eb.<\/p>\n<p>Pra, SKAP-i mbulon pronarin real t\u00eb inceneratorit t\u00eb Tiran\u00ebs, Erion Vegliaj. Ju kujtoj deklarat\u00ebn e Altin Dumanit se nuk ka pronar. Arben Ahmetaj rr\u00ebzoi deklarat\u00ebn e Dumanit, duke th\u00ebn\u00eb se pronari i inceneratorit \u00ebsht\u00eb Erion Veliaj dhe nj\u00eb biznesmen me 40 p\u00ebrqind.<\/p>\n<p>T\u00eb dh\u00ebnat q\u00eb tha zoti Ahmetaj jan\u00eb rr\u00ebqeth\u00ebse.<\/p>\n<p>N\u00eb rast se n\u00eb Shqip\u00ebri do t\u00eb kishte nj\u00eb drejt\u00ebsi t\u00eb pavarur dhe k\u00ebtu \u00ebsht\u00eb nj\u00eb moment p\u00ebr SKAP-in p\u00ebr ta provuar veten, sot qeveria do t\u00eb kishte r\u00ebn\u00eb. Sot SKAP-i duhet t\u00eb merrte t\u00eb pandehur dy persona, Erion Veliaj dhe Edi Ram\u00ebn dhe sigurisht bashk\u00ebpronarin e inceneratorit t\u00eb Tiran\u00ebs, nj\u00eb Blerim Hoxha.<\/p>\n<p>Gj\u00ebja e dyt\u00eb q\u00eb diskutoi grupi \u00ebsht\u00eb situata e agravaur n\u00eb m\u00ebnyr\u00eb t\u00eb vazhdueshme n\u00eb parlament.<\/p>\n<p>Edi Rama me l\u00ebvizjet q\u00eb b\u00ebn dhe veprimet e tij n\u00eb at\u00eb parlament po k\u00ebrkon t\u00eb n\u00ebnshtroj\u00eb opozit\u00ebn dhe ta shkel\u00eb at\u00eb.<\/p>\n<p>P\u00ebrjashtimi i vazhduesh\u00ebm i deputet\u00ebve, dhe kryesisht p\u00ebrjashtimi i 19 deputet\u00ebve n\u00eb seanc\u00ebn e fundit, tregon qasjen armiq\u00ebsore t\u00eb Edi Ram\u00ebs ndaj opozit\u00ebs.<\/p>\n<p>P\u00ebr k\u00ebt\u00eb, ne kemi t\u00eb th\u00ebrrasim sot pasdite n\u00eb or\u00ebn 17:00, nj\u00eb protest\u00eb p\u00ebr parlamentin, p\u00ebr parlamentarizmin, p\u00ebr demokracin\u00eb, p\u00ebr pluralizmin, p\u00ebr drejt\u00ebsin\u00eb q\u00eb \u00ebsht\u00eb kthyer n\u00eb padrejt\u00ebsi dhe p\u00ebr Shqip\u00ebrin\u00eb.<\/p>\n<p><strong>Pyetje: Sot n\u00eb protest\u00eb do t\u00eb jet\u00eb grupi i Bardhit?<\/strong><\/p>\n<p><strong>Flamur Noka:<\/strong> Sot n\u00eb protest\u00eb do jen\u00eb t\u00eb gjith\u00eb demokrat\u00ebt, do t\u00eb jen\u00eb t\u00eb gjith\u00eb deputet\u00ebt q\u00eb jan\u00eb t\u00eb p\u00ebrjashtuar. Ne, q\u00eb momentalisht nuk jemi akoma t\u00eb p\u00ebrjashtuar, do jemi brenda duke zhvilluar beteja. Pra sot do shihni dy beteja sot, nj\u00eb betej\u00eb brenda n\u00eb parlament dhe nj\u00eb jasht\u00eb.<\/p>\n<p><strong>Pyetje: Para pak dit\u00ebsh keni paralam\u00ebruar se bashkimi i demokrat\u00ebve \u00ebsht\u00eb pun\u00eb dit\u00ebsh. \u00c7far\u00eb formule do t\u00eb p\u00ebrdoret p\u00ebr t\u00eb bashkuar partin\u00eb, kur do t\u00eb ndodh\u00eb?<\/strong><\/p>\n<p><strong>Flamur Noka:<\/strong> Bashkimi i demokrat\u00ebve nuk ka nevoj\u00eb m\u00eb p\u00ebr tu diskutuar. \u00cbsht\u00eb gjith\u00e7ka n\u00eb proces.<\/p>\n<p><strong>Pyetje: Pra nuk ka nj\u00eb lajm sot \u2026<\/strong><\/p>\n<p><strong>Flamur Noka:<\/strong> Ne ishim sot bashk\u00eb t\u00eb gjith\u00eb, nuk ka nevoj\u00eb p\u00ebr lajme. Un\u00eb e kuptoj se ju \u00e7do dit\u00eb keni nevoj\u00eb p\u00ebr lajme ditore brenda opozit\u00ebs dhe \u00ebsht\u00eb gj\u00eb e mir\u00eb, sepse e vetmja forc\u00eb q\u00eb ju jep informacion dhe transparenc\u00eb \u00ebsht\u00eb opozita, sepse p\u00ebrball\u00eb keni bunkerin q\u00eb nuk ju jep asgj\u00eb. Mos u b\u00ebni merak, opozita \u00ebsht\u00eb e bashkuar dhe gjith\u00e7ka \u00ebsht\u00eb drejt finalizimit.<\/p>\n<p><strong>Pyetje: N\u00eb lidhje me deklarata e Ahmetajt, \u00e7far\u00eb vendimmarrje do t\u00eb ket\u00eb grupi parlamentar. Ju si grupim \u00e7far\u00eb do t\u00eb k\u00ebrkoni nga kryeministri?<\/strong><\/p>\n<p><strong>Flamur Noka:<\/strong> Interpelanc\u00eb nuk \u00ebsht\u00eb k\u00ebrkuar nga grupi i PD. Rama p\u00ebr t\u00eb lar\u00eb veten dhe p\u00ebr t\u00eb mbyllur, tentuar ti vej\u00eb kapak k\u00ebtij megaskandali, k\u00ebtij Ramagate t\u00eb fundit, p\u00ebrdor si gjithmon\u00eb n\u00eb raste t\u00eb tilla, Brav\u00ebn i cili k\u00ebrkon p\u00ebr ti lar\u00eb kok\u00ebn q\u00eb e ka t\u00eb baltosur n\u00eb krim dhe korrupsion. Kaq \u00ebsht\u00eb ajo interpelanc\u00eb. Opozita \u00ebsht\u00eb e gjitha n\u00eb aksion. Ne jemi k\u00ebtu p\u00ebr p\u00ebrshkall\u00ebzim t\u00eb aksionit. Ajo protest\u00eb q\u00eb b\u00ebhet p\u00ebrball\u00eb parlamentit t\u00eb krimit dhe narkotrafikut \u00ebsht\u00eb p\u00ebrshkall\u00ebzim i aksionit. Grupi parlament e diskuton n\u00eb \u00e7do mbledhje.<\/p>\n<p><strong>Pyetje: \u00c7far\u00eb duhet t\u00eb presin sot? \u00c7far\u00eb do t\u00eb thot\u00eb p\u00ebrshkall\u00ebzim, pasi t\u00eb tilla deklarata i keni para \u00e7do seance parlamentare.<\/strong><\/p>\n<p><strong>Flamur Noka:<\/strong> Grupi diskutoi p\u00ebrshkall\u00ebzim. Sot protest\u00eb n\u00eb parlament. Nes\u00ebr diku tjet\u00ebr. Kemi nj\u00eb organizat\u00eb kriminale e cila kush shkel kodin omerta t\u00eb mafias, k\u00ebrc\u00ebnohet me jet\u00eb. K\u00ebrc\u00ebnimi i Ahmetaj \u00ebsht\u00eb tipik.<\/p>\n<p><strong>Pyetje: \u00c7far\u00eb duhet t\u00eb ndodh\u00eb m\u00eb q\u00eb t\u00eb shkojm\u00eb te protesta komb\u00ebtare?<\/strong><\/p>\n<p><strong>Flamur Noka:<\/strong> Protestat do t\u00eb rriten. Ne sot po e them kemi thirrur nj\u00eb protest\u00eb. N\u00eb vazhdim\u00ebsi do t\u00eb na shikoni ne deputet\u00ebt e opozit\u00ebs, drejtuesit e opozit\u00ebs, jo vet\u00ebm t\u00eb PD-s\u00eb n\u00eb krye t\u00eb aksioneve. Rama nuk do t\u00eb gjej\u00eb m\u00eb paqe dhe kjo qeveri, sepse nuk e meriton Shqiptar\u00ebt nuk meritojn\u00eb t\u00eb qeverisen nga nj\u00eb organizat\u00eb kriminale, ata e meritojn\u00eb t\u00eb qeverisen nga nj\u00eb qeveri normale dhe dinjitioze, si\u00e7 e ka \u00e7do vend i Europ\u00ebs, shqiptar\u00ebt nuk e kan\u00eb.<\/p>\n<p><strong>Pyetje: P\u00ebr veprimet e kryera n\u00eb seanc\u00ebn e plenare jan\u00eb p\u00ebrjashtuar 19 koleg\u00ebt tuaja. A keni diskutuar me koleg\u00ebt tuaj p\u00ebr ndryshimin e strategjis\u00eb, sepse kjo strategji po sjell zbrazjen e sall\u00ebs s\u00eb parlamentit deri n\u00eb 60 dit\u00eb.<\/strong><\/p>\n<p><strong>Flamur Noka:<\/strong> Kur ju thash\u00eb p\u00ebrshkall\u00ebzim, do t\u00eb thot\u00eb se aksioni do t\u00eb p\u00ebrshkall\u00ebzohet edhe brenda parlamentit. Kini durim. Ata mendojn\u00eb se me masa armiq\u00ebsore ndaj opozit\u00ebs do ta zgjidhin situat\u00ebn, ne u themi se kan\u00eb b\u00ebr\u00eb hesapet pa hanxhin\u00eb. Nj\u00eb nga diskutimet n\u00eb grup ishte edhe p\u00ebrshkall\u00ebzimi i aksionit brenda asaj salle q\u00eb nuk p\u00ebrfaq\u00ebson me shqiptar\u00ebt.<\/p>\n<p><strong>Pyetje: Si mund t\u00eb p\u00ebrshkall\u00ebzohet brenda sall\u00ebs?<\/strong><\/p>\n<p><strong>Flamur Noka:<\/strong> Do ta shikoni live. Edi Rama mendon se mund t\u00eb gjynj\u00ebzojn\u00eb deputet\u00ebt e opozit\u00ebs dhe mund t\u00eb marrin marrin peng parlament. Ta harrojn\u00eb se mund t\u00eb shkelin me k\u00ebmb\u00eb opozit\u00ebn. Vet\u00ebm duroni.<\/p>\n<p>&nbsp;<\/p>\n","protected":false},"excerpt":{"rendered":"<p>Sekretari i P\u00ebrgjithsh\u00ebm i PD, Flamur Noka dha nj\u00eb deklarat\u00eb sot n\u00eb p\u00ebrfundim t\u00eb mbledhjes s\u00eb Grupit parlamentar t\u00eb PD, e cila i paraprin protest\u00ebs s\u00eb opozit\u00ebs sot n\u00eb parlament n\u00eb or\u00ebn 17:00. Nga Kryesia e Kuvendit, Noka tha se, grupi parlamentar i PD diskutoi me shqet\u00ebsim t\u00eb madh situat\u00ebn q\u00eb vjen si pasoj\u00eb e &hellip;<\/p>\n","protected":false},"author":4,"featured_media":70050,"comment_status":"closed","ping_status":"closed","sticky":false,"template":"","format":"standard","meta":{"footnotes":""},"categories":[37],"tags":[],"class_list":["post-70496","post","type-post","status-publish","format-standard","has-post-thumbnail","","category-politike"],"_links":{"self":[{"href":"https:\/\/rdnews.al\/index.php\/wp-json\/wp\/v2\/posts\/70496","targetHints":{"allow":["GET"]}}],"collection":[{"href":"https:\/\/rdnews.al\/index.php\/wp-json\/wp\/v2\/posts"}],"about":[{"href":"https:\/\/rdnews.al\/index.php\/wp-json\/wp\/v2\/types\/post"}],"author":[{"embeddable":true,"href":"https:\/\/rdnews.al\/index.php\/wp-json\/wp\/v2\/users\/4"}],"replies":[{"embeddable":true,"href":"https:\/\/rdnews.al\/index.php\/wp-json\/wp\/v2\/comments?post=70496"}],"version-history":[{"count":0,"href":"https:\/\/rdnews.al\/index.php\/wp-json\/wp\/v2\/posts\/70496\/revisions"}],"wp:featuredmedia":[{"embeddable":true,"href":"https:\/\/rdnews.al\/index.php\/wp-json\/wp\/v2\/media\/70050"}],"wp:attachment":[{"href":"https:\/\/rdnews.al\/index.php\/wp-json\/wp\/v2\/media?parent=70496"}],"wp:term":[{"taxonomy":"category","embeddable":true,"href":"https:\/\/rdnews.al\/index.php\/wp-json\/wp\/v2\/categories?post=70496"},{"taxonomy":"post_tag","embeddable":true,"href":"https:\/\/rdnews.al\/index.php\/wp-json\/wp\/v2\/tags?post=70496"}],"curies":[{"name":"wp","href":"https:\/\/api.w.org\/{rel}","templated":true}]}}