{"id":70508,"date":"2024-02-05T16:32:56","date_gmt":"2024-02-05T16:32:56","guid":{"rendered":"https:\/\/rdnews.al\/?p=70508"},"modified":"2024-02-05T16:32:56","modified_gmt":"2024-02-05T16:32:56","slug":"garda-bllokon-deputetet-e-opozites-rama-ne-panik-urdheron-linditen-te-mbylle-seancen","status":"publish","type":"post","link":"https:\/\/rdnews.al\/index.php\/2024\/02\/05\/garda-bllokon-deputetet-e-opozites-rama-ne-panik-urdheron-linditen-te-mbylle-seancen\/","title":{"rendered":"Garda bllokon deputet\u00ebt e opozit\u00ebs, Rama n\u00eb panik urdh\u00ebron Lindit\u00ebn t\u00eb mbyll\u00eb seanc\u00ebn"},"content":{"rendered":"<p>Edhe pse e nisi pa deputet\u00ebt e opozit\u00ebs seanc\u00ebn e parlamentit, Lindita Nikolla e ka mbyllur at\u00eb sapo disa prej deputet\u00ebt demokrat\u00eb jan\u00eb futur n\u00eb sall\u00eb.<\/p>\n<p>Fillimisht deputet\u00ebt e opozit\u00ebs jan\u00eb bllokuar p\u00ebr m\u00eb shum\u00eb se 30 minuta n\u00eb der\u00ebn hyr\u00ebse t\u00eb parlamentit, dhe m\u00eb pas ata t\u00eb pakt\u00eb q\u00eb u fut\u00ebn brenda, u bllokuar nga Garda e cila ishte b\u00ebr\u00eb gardh.<\/p>\n<p>Masa t\u00eb shtuara garda kishte marr\u00eb p\u00ebr shkak t\u00eb pranis\u00eb s\u00eb Edi Ram\u00ebs n\u00eb sall\u00ebn e parlamentit dhe p\u00ebr shkak t\u00eb protest\u00ebs jasht\u00eb sall\u00ebs.<\/p>\n<p><img loading=\"lazy\" decoding=\"async\" class=\"alignnone size-medium wp-image-70509\" src=\"https:\/\/rdnews.al\/wp-content\/uploads\/2024\/02\/1-4-300x169.jpg\" alt=\"\" width=\"300\" height=\"169\" srcset=\"https:\/\/rdnews.al\/wp-content\/uploads\/2024\/02\/1-4-300x169.jpg 300w, https:\/\/rdnews.al\/wp-content\/uploads\/2024\/02\/1-4-1024x575.jpg 1024w, https:\/\/rdnews.al\/wp-content\/uploads\/2024\/02\/1-4-768x432.jpg 768w, https:\/\/rdnews.al\/wp-content\/uploads\/2024\/02\/1-4-1536x863.jpg 1536w, https:\/\/rdnews.al\/wp-content\/uploads\/2024\/02\/1-4.jpg 1600w\" sizes=\"auto, (max-width: 300px) 100vw, 300px\" \/><\/p>\n<p><img loading=\"lazy\" decoding=\"async\" class=\"alignnone size-medium wp-image-70510\" src=\"https:\/\/rdnews.al\/wp-content\/uploads\/2024\/02\/2-2-300x169.jpg\" alt=\"\" width=\"300\" height=\"169\" srcset=\"https:\/\/rdnews.al\/wp-content\/uploads\/2024\/02\/2-2-300x169.jpg 300w, https:\/\/rdnews.al\/wp-content\/uploads\/2024\/02\/2-2-1024x575.jpg 1024w, https:\/\/rdnews.al\/wp-content\/uploads\/2024\/02\/2-2-768x432.jpg 768w, https:\/\/rdnews.al\/wp-content\/uploads\/2024\/02\/2-2-1536x863.jpg 1536w, https:\/\/rdnews.al\/wp-content\/uploads\/2024\/02\/2-2.jpg 1600w\" sizes=\"auto, (max-width: 300px) 100vw, 300px\" \/><\/p>\n<p><img loading=\"lazy\" decoding=\"async\" class=\"alignnone size-medium wp-image-70512\" src=\"https:\/\/rdnews.al\/wp-content\/uploads\/2024\/02\/gard-1-300x141.jpg\" alt=\"\" width=\"300\" height=\"141\" srcset=\"https:\/\/rdnews.al\/wp-content\/uploads\/2024\/02\/gard-1-300x141.jpg 300w, https:\/\/rdnews.al\/wp-content\/uploads\/2024\/02\/gard-1-768x362.jpg 768w, https:\/\/rdnews.al\/wp-content\/uploads\/2024\/02\/gard-1.jpg 800w\" sizes=\"auto, (max-width: 300px) 100vw, 300px\" \/><\/p>\n","protected":false},"excerpt":{"rendered":"<p>Edhe pse e nisi pa deputet\u00ebt e opozit\u00ebs seanc\u00ebn e parlamentit, Lindita Nikolla e ka mbyllur at\u00eb sapo disa prej deputet\u00ebt demokrat\u00eb jan\u00eb futur n\u00eb sall\u00eb. Fillimisht deputet\u00ebt e opozit\u00ebs jan\u00eb bllokuar p\u00ebr m\u00eb shum\u00eb se 30 minuta n\u00eb der\u00ebn hyr\u00ebse t\u00eb parlamentit, dhe m\u00eb pas ata t\u00eb pakt\u00eb q\u00eb u fut\u00ebn brenda, u bllokuar &hellip;<\/p>\n","protected":false},"author":4,"featured_media":70512,"comment_status":"closed","ping_status":"closed","sticky":false,"template":"","format":"standard","meta":{"footnotes":""},"categories":[37],"tags":[],"class_list":["post-70508","post","type-post","status-publish","format-standard","has-post-thumbnail","","category-politike"],"_links":{"self":[{"href":"https:\/\/rdnews.al\/index.php\/wp-json\/wp\/v2\/posts\/70508","targetHints":{"allow":["GET"]}}],"collection":[{"href":"https:\/\/rdnews.al\/index.php\/wp-json\/wp\/v2\/posts"}],"about":[{"href":"https:\/\/rdnews.al\/index.php\/wp-json\/wp\/v2\/types\/post"}],"author":[{"embeddable":true,"href":"https:\/\/rdnews.al\/index.php\/wp-json\/wp\/v2\/users\/4"}],"replies":[{"embeddable":true,"href":"https:\/\/rdnews.al\/index.php\/wp-json\/wp\/v2\/comments?post=70508"}],"version-history":[{"count":0,"href":"https:\/\/rdnews.al\/index.php\/wp-json\/wp\/v2\/posts\/70508\/revisions"}],"wp:featuredmedia":[{"embeddable":true,"href":"https:\/\/rdnews.al\/index.php\/wp-json\/wp\/v2\/media\/70512"}],"wp:attachment":[{"href":"https:\/\/rdnews.al\/index.php\/wp-json\/wp\/v2\/media?parent=70508"}],"wp:term":[{"taxonomy":"category","embeddable":true,"href":"https:\/\/rdnews.al\/index.php\/wp-json\/wp\/v2\/categories?post=70508"},{"taxonomy":"post_tag","embeddable":true,"href":"https:\/\/rdnews.al\/index.php\/wp-json\/wp\/v2\/tags?post=70508"}],"curies":[{"name":"wp","href":"https:\/\/api.w.org\/{rel}","templated":true}]}}