{"id":70564,"date":"2024-02-05T17:53:33","date_gmt":"2024-02-05T17:53:33","guid":{"rendered":"https:\/\/rdnews.al\/?p=70564"},"modified":"2024-02-05T17:53:33","modified_gmt":"2024-02-05T17:53:33","slug":"berisha-e-nisem-ketu-me-dhjetera-vete-tani-jemi-dhjetera-mijera-dhe-se-shpejti-do-jemi-qindra-mijera","status":"publish","type":"post","link":"https:\/\/rdnews.al\/index.php\/2024\/02\/05\/berisha-e-nisem-ketu-me-dhjetera-vete-tani-jemi-dhjetera-mijera-dhe-se-shpejti-do-jemi-qindra-mijera\/","title":{"rendered":"Berisha: E nis\u00ebm k\u00ebtu me dhjet\u00ebra vet\u00eb, tani jemi dhjet\u00ebra mij\u00ebra dhe s\u00eb shpejti do jemi qindra mij\u00ebra!"},"content":{"rendered":"<p>Gjat\u00eb fjal\u00ebs p\u00ebrsh\u00ebndet\u00ebse p\u00ebr protestuesit, nga banesa e tij, kryetari i PD, Sali Berisha mes entuziazmit t\u00eb qytetar\u00ebve u shpreh se, e nis\u00ebm k\u00ebtu me dhjet\u00ebra vet\u00eb, tani jemi qindra e mij\u00ebra! Luani u zgjua, mjer\u00eb hienat.<\/p>\n<p>\u201cMiqt\u00eb e mi, nj\u00eb nderim t\u00eb pakufish\u00ebm p\u00ebr ju, e nis\u00ebt k\u00ebtu me disa dhjet\u00ebra vet\u00eb.<\/p>\n<p>Ja ku jeni sot, dhjet\u00ebra mij\u00ebra dhe s\u00eb shpejti do jemi qindra mij\u00ebra.<\/p>\n<p>Tirana, Shqip\u00ebria do jet\u00eb e juaja!<\/p>\n<p>N\u00eb k\u00ebmb\u00eb demokrate e demokrat\u00eb, opozitare e opozitar\u00eb p\u00ebr dinjitetin ton\u00eb, p\u00ebr t\u00eb ardhmen ton\u00eb, p\u00ebr Shqip\u00ebrin\u00eb, p\u00ebr lirin\u00eb ton\u00eb, p\u00ebr Shqip\u00ebrin\u00eb n\u00eb Europ\u00eb.<\/p>\n<p>Rrofshi ju, rroft\u00eb opozita e bashkuar!<\/p>\n<p>Nderim deputet\u00ebve q\u00ebndrestar\u00eb, nderim protestuesve q\u00ebndrestar\u00eb.<\/p>\n<p>Fitore, fitore, fitore!<\/p>\n<p>Edhe nj\u00ebher\u00eb, urime p\u00ebr fitoren e shk\u00eblqyer.<\/p>\n<p>Luani u zgjua, mjer\u00eb hienat \u00e7far\u00eb do t\u00eb shohin nga luani.<\/p>\n<p>Rrofshi ju, rroft\u00eb Shqip\u00ebria!\u201d, tha Berisha.<\/p>\n","protected":false},"excerpt":{"rendered":"<p>Gjat\u00eb fjal\u00ebs p\u00ebrsh\u00ebndet\u00ebse p\u00ebr protestuesit, nga banesa e tij, kryetari i PD, Sali Berisha mes entuziazmit t\u00eb qytetar\u00ebve u shpreh se, e nis\u00ebm k\u00ebtu me dhjet\u00ebra vet\u00eb, tani jemi qindra e mij\u00ebra! Luani u zgjua, mjer\u00eb hienat. \u201cMiqt\u00eb e mi, nj\u00eb nderim t\u00eb pakufish\u00ebm p\u00ebr ju, e nis\u00ebt k\u00ebtu me disa dhjet\u00ebra vet\u00eb. Ja ku &hellip;<\/p>\n","protected":false},"author":4,"featured_media":70432,"comment_status":"closed","ping_status":"closed","sticky":false,"template":"","format":"standard","meta":{"footnotes":""},"categories":[37],"tags":[],"class_list":["post-70564","post","type-post","status-publish","format-standard","has-post-thumbnail","","category-politike"],"_links":{"self":[{"href":"https:\/\/rdnews.al\/index.php\/wp-json\/wp\/v2\/posts\/70564","targetHints":{"allow":["GET"]}}],"collection":[{"href":"https:\/\/rdnews.al\/index.php\/wp-json\/wp\/v2\/posts"}],"about":[{"href":"https:\/\/rdnews.al\/index.php\/wp-json\/wp\/v2\/types\/post"}],"author":[{"embeddable":true,"href":"https:\/\/rdnews.al\/index.php\/wp-json\/wp\/v2\/users\/4"}],"replies":[{"embeddable":true,"href":"https:\/\/rdnews.al\/index.php\/wp-json\/wp\/v2\/comments?post=70564"}],"version-history":[{"count":0,"href":"https:\/\/rdnews.al\/index.php\/wp-json\/wp\/v2\/posts\/70564\/revisions"}],"wp:featuredmedia":[{"embeddable":true,"href":"https:\/\/rdnews.al\/index.php\/wp-json\/wp\/v2\/media\/70432"}],"wp:attachment":[{"href":"https:\/\/rdnews.al\/index.php\/wp-json\/wp\/v2\/media?parent=70564"}],"wp:term":[{"taxonomy":"category","embeddable":true,"href":"https:\/\/rdnews.al\/index.php\/wp-json\/wp\/v2\/categories?post=70564"},{"taxonomy":"post_tag","embeddable":true,"href":"https:\/\/rdnews.al\/index.php\/wp-json\/wp\/v2\/tags?post=70564"}],"curies":[{"name":"wp","href":"https:\/\/api.w.org\/{rel}","templated":true}]}}