{"id":70582,"date":"2024-02-05T19:01:33","date_gmt":"2024-02-05T19:01:33","guid":{"rendered":"https:\/\/rdnews.al\/?p=70582"},"modified":"2024-02-05T19:01:33","modified_gmt":"2024-02-05T19:01:33","slug":"shuhet-valltarja-lili-cingu-nder-i-kombit","status":"publish","type":"post","link":"https:\/\/rdnews.al\/index.php\/2024\/02\/05\/shuhet-valltarja-lili-cingu-nder-i-kombit\/","title":{"rendered":"Shuhet valltarja Lili Cingu, \u201cNder i Kombit\u201d!"},"content":{"rendered":"<p>Shuhet valltarja Lili Cingu, \u201cNder i Kombit\u201d! Cingu \u00ebsht\u00eb ndar\u00eb nga jeta n\u00eb mosh\u00ebn 70-vje\u00e7are.<\/p>\n<p>Lili Cingu ishte etiketuar \u2018Per\u00ebndesha e Valles Shqipe\u2019, nd\u00ebrsa q\u00ebndroi 45 vite n\u00eb sken\u00eb. Ajo ishte e njohur p\u00ebr k\u00ebrcimet me Rexhep \u00c7elikun.<\/p>\n<p>\u201cLili\u201d, sikurse e th\u00ebrrisnin t\u00eb njohurit Liljana Cingun, ishte nga valltaret shqiptare, q\u00eb krijoi nj\u00eb personalitet t\u00eb sajin tipik jo vet\u00ebm n\u00eb sken\u00eb, por edhe jasht\u00eb saj.<\/p>\n","protected":false},"excerpt":{"rendered":"<p>Shuhet valltarja Lili Cingu, \u201cNder i Kombit\u201d! Cingu \u00ebsht\u00eb ndar\u00eb nga jeta n\u00eb mosh\u00ebn 70-vje\u00e7are. Lili Cingu ishte etiketuar \u2018Per\u00ebndesha e Valles Shqipe\u2019, nd\u00ebrsa q\u00ebndroi 45 vite n\u00eb sken\u00eb. Ajo ishte e njohur p\u00ebr k\u00ebrcimet me Rexhep \u00c7elikun. \u201cLili\u201d, sikurse e th\u00ebrrisnin t\u00eb njohurit Liljana Cingun, ishte nga valltaret shqiptare, q\u00eb krijoi nj\u00eb personalitet t\u00eb &hellip;<\/p>\n","protected":false},"author":4,"featured_media":70583,"comment_status":"closed","ping_status":"closed","sticky":false,"template":"","format":"standard","meta":{"footnotes":""},"categories":[42],"tags":[],"class_list":["post-70582","post","type-post","status-publish","format-standard","has-post-thumbnail","","category-kulture"],"_links":{"self":[{"href":"https:\/\/rdnews.al\/index.php\/wp-json\/wp\/v2\/posts\/70582","targetHints":{"allow":["GET"]}}],"collection":[{"href":"https:\/\/rdnews.al\/index.php\/wp-json\/wp\/v2\/posts"}],"about":[{"href":"https:\/\/rdnews.al\/index.php\/wp-json\/wp\/v2\/types\/post"}],"author":[{"embeddable":true,"href":"https:\/\/rdnews.al\/index.php\/wp-json\/wp\/v2\/users\/4"}],"replies":[{"embeddable":true,"href":"https:\/\/rdnews.al\/index.php\/wp-json\/wp\/v2\/comments?post=70582"}],"version-history":[{"count":0,"href":"https:\/\/rdnews.al\/index.php\/wp-json\/wp\/v2\/posts\/70582\/revisions"}],"wp:featuredmedia":[{"embeddable":true,"href":"https:\/\/rdnews.al\/index.php\/wp-json\/wp\/v2\/media\/70583"}],"wp:attachment":[{"href":"https:\/\/rdnews.al\/index.php\/wp-json\/wp\/v2\/media?parent=70582"}],"wp:term":[{"taxonomy":"category","embeddable":true,"href":"https:\/\/rdnews.al\/index.php\/wp-json\/wp\/v2\/categories?post=70582"},{"taxonomy":"post_tag","embeddable":true,"href":"https:\/\/rdnews.al\/index.php\/wp-json\/wp\/v2\/tags?post=70582"}],"curies":[{"name":"wp","href":"https:\/\/api.w.org\/{rel}","templated":true}]}}