{"id":70630,"date":"2024-02-06T10:13:29","date_gmt":"2024-02-06T10:13:29","guid":{"rendered":"https:\/\/rdnews.al\/?p=70630"},"modified":"2024-02-06T10:13:29","modified_gmt":"2024-02-06T10:13:29","slug":"berisha-dielli-perendoi-pergjithmone-per-lili-cingun-mbretereshen-e-valles","status":"publish","type":"post","link":"https:\/\/rdnews.al\/index.php\/2024\/02\/06\/berisha-dielli-perendoi-pergjithmone-per-lili-cingun-mbretereshen-e-valles\/","title":{"rendered":"Berisha: Dielli per\u00ebndoi p\u00ebrgjithmon\u00eb p\u00ebr Lili Cingun, mbreteresh\u00ebn e valles!"},"content":{"rendered":"<p>T\u00eb dashur miq, Lili Cingu, shtojzovallja e seken\u00ebs shqiptare, q\u00eb me talentin e saj t\u00eb rrall\u00eb shpalosi n\u00eb dekada m\u00eb bukur se kushdo tjet\u00ebr n\u00eb Shqip\u00ebri, por dhe n\u00eb bot\u00eb dinamik\u00ebn e shpirtit t\u00eb kombit shqiptar, t\u00eb shprehur kaq mir\u00eb n\u00eb vallet e tij nga Jugu n\u00eb Veri mbylli syt\u00eb p\u00ebrgjithmon\u00eb. Fluturimi i saj n\u00eb p\u00ebrjet\u00ebsis \u00ebsht\u00eb humbje e paz\u00ebvend\u00ebsueshme n\u00eb sken\u00eb, n\u00eb koreografin\u00eb e shpirtit. Lili Cingu me trash\u00ebgimin e saj do jetoj\u00eb p\u00ebrher\u00eb n\u00eb thesaret e art\u00eb t\u00eb kultures ton\u00eb n\u00eb krye t\u00eb valles, n\u00eb krye t\u00eb frym\u00ebzimit, p\u00ebrher\u00eb gjall\u00eb. Ngush\u00ebllimet m\u00eb t\u00eb ndjera familjes, miqve, koleg\u00ebve dhe t\u00eb gjith\u00eb admiruesve t\u00eb panum\u00ebrt t\u00eb saj. <a href=\"https:\/\/www.facebook.com\/hashtag\/sb?__eep__=6&amp;__cft__%5b0%5d=AZWeOhBXqX7so8qHoybuw8SAGHQOw5J1Vlpbn5LqqqpEnr5D6-r0K0At4RTVF0xyweaPkZJc_e3xDNGYQeO1gwT1B__gRrVbfiDzeKpu65gIzS-mkHUqgqW8D5GirQfBK-CeIiNvGDOj58IN4kxwnDwd90CzMDgr8ECJ9JSV1hd1bUvDq48TLWZH69vx2-F8leo&amp;__tn__=*NK-R\" target=\"_blank\" rel=\"noopener\">#sb<\/a><\/p>\n","protected":false},"excerpt":{"rendered":"<p>T\u00eb dashur miq, Lili Cingu, shtojzovallja e seken\u00ebs shqiptare, q\u00eb me talentin e saj t\u00eb rrall\u00eb shpalosi n\u00eb dekada m\u00eb bukur se kushdo tjet\u00ebr n\u00eb Shqip\u00ebri, por dhe n\u00eb bot\u00eb dinamik\u00ebn e shpirtit t\u00eb kombit shqiptar, t\u00eb shprehur kaq mir\u00eb n\u00eb vallet e tij nga Jugu n\u00eb Veri mbylli syt\u00eb p\u00ebrgjithmon\u00eb. Fluturimi i saj n\u00eb &hellip;<\/p>\n","protected":false},"author":4,"featured_media":70631,"comment_status":"closed","ping_status":"closed","sticky":false,"template":"","format":"standard","meta":{"footnotes":""},"categories":[42],"tags":[],"class_list":["post-70630","post","type-post","status-publish","format-standard","has-post-thumbnail","","category-kulture"],"_links":{"self":[{"href":"https:\/\/rdnews.al\/index.php\/wp-json\/wp\/v2\/posts\/70630","targetHints":{"allow":["GET"]}}],"collection":[{"href":"https:\/\/rdnews.al\/index.php\/wp-json\/wp\/v2\/posts"}],"about":[{"href":"https:\/\/rdnews.al\/index.php\/wp-json\/wp\/v2\/types\/post"}],"author":[{"embeddable":true,"href":"https:\/\/rdnews.al\/index.php\/wp-json\/wp\/v2\/users\/4"}],"replies":[{"embeddable":true,"href":"https:\/\/rdnews.al\/index.php\/wp-json\/wp\/v2\/comments?post=70630"}],"version-history":[{"count":0,"href":"https:\/\/rdnews.al\/index.php\/wp-json\/wp\/v2\/posts\/70630\/revisions"}],"wp:featuredmedia":[{"embeddable":true,"href":"https:\/\/rdnews.al\/index.php\/wp-json\/wp\/v2\/media\/70631"}],"wp:attachment":[{"href":"https:\/\/rdnews.al\/index.php\/wp-json\/wp\/v2\/media?parent=70630"}],"wp:term":[{"taxonomy":"category","embeddable":true,"href":"https:\/\/rdnews.al\/index.php\/wp-json\/wp\/v2\/categories?post=70630"},{"taxonomy":"post_tag","embeddable":true,"href":"https:\/\/rdnews.al\/index.php\/wp-json\/wp\/v2\/tags?post=70630"}],"curies":[{"name":"wp","href":"https:\/\/api.w.org\/{rel}","templated":true}]}}