{"id":70635,"date":"2024-02-06T10:26:55","date_gmt":"2024-02-06T10:26:55","guid":{"rendered":"https:\/\/rdnews.al\/?p=70635"},"modified":"2024-02-06T10:28:04","modified_gmt":"2024-02-06T10:28:04","slug":"bardhi-rama-do-na-kete-perballe-ne-bejme-beteje-per-qytetaret","status":"publish","type":"post","link":"https:\/\/rdnews.al\/index.php\/2024\/02\/06\/bardhi-rama-do-na-kete-perballe-ne-bejme-beteje-per-qytetaret\/","title":{"rendered":"Bardhi: Rama do na ket\u00eb p\u00ebrball\u00eb! Ne b\u00ebjm\u00eb betej\u00eb p\u00ebr qytetar\u00ebt!"},"content":{"rendered":"<p>Kryetari i grupit parlamentar t\u00eb PD, Gazment Bardhi ka paralajm\u00ebruar kryeministrin Edi Rama se \u201cdo t\u00eb na ket\u00eb p\u00ebrball\u00eb\u201d. N\u00eb nj\u00eb dalje p\u00ebr mediat nga Kryesia e Kuvendit, Bardhi u shpreh se,\u00a0\u201ckush mendon se arroganca zgjidhet me fjal\u00eb e ka gabim\u201d.<\/p>\n<p>Ai theksoi se Kuvendi ka degraduar deri n\u00eb pik\u00ebn ku fut vendimet e Kushtetueses n\u00eb xhep, duke shtuar se i shp\u00ebrfill dhe injoron.<\/p>\n<p>\u201cN\u00ebse Rama ka marr\u00eb vendim t\u00eb asgj\u00ebsoj\u00eb opozit\u00ebn, do na ket\u00eb p\u00ebrball\u00eb.<br \/>\nN\u00ebse do asgj\u00ebsimin e shtetit, jam k\u00ebtu p\u00ebr t\u2019i kujtuar se do t\u00eb na ket\u00eb p\u00ebrball\u00eb. Me arroganc\u00ebn e shtetit shtohet q\u00ebndresa e njer\u00ebzve t\u00eb lir\u00eb. Ne b\u00ebjm\u00eb betej\u00eb p\u00ebr qytetar\u00ebt dhe parimet e nj\u00eb vendi demokratik.<\/p>\n<p>Kuvendi ka degraduar aty ku fut n\u00eb xhep vendimet Kushtetueses, i shp\u00ebrfill, i injoron nuk i zbaton. Prej nj\u00eb viti me urdh\u00ebr t\u00eb Ram\u00ebs kryetarja e Kuvendit pengon vendimin e GJK p\u00ebr mandatin e Xha\u00e7k\u00ebs. Kryetarja e Gykat\u00ebs Kushtetuese e konsideroi nj\u00eb veprim i paimagjinuesh\u00ebm. Detyra jon\u00eb, t\u00eb mbrojm\u00eb Kushtetut\u00ebn e vendit dhe t\u00eb mos i n\u00ebnshtrohemi arroganc\u00ebs s\u00eb regjimit\u201d, tha Bardhi.<\/p>\n","protected":false},"excerpt":{"rendered":"<p>Kryetari i grupit parlamentar t\u00eb PD, Gazment Bardhi ka paralajm\u00ebruar kryeministrin Edi Rama se \u201cdo t\u00eb na ket\u00eb p\u00ebrball\u00eb\u201d. N\u00eb nj\u00eb dalje p\u00ebr mediat nga Kryesia e Kuvendit, Bardhi u shpreh se,\u00a0\u201ckush mendon se arroganca zgjidhet me fjal\u00eb e ka gabim\u201d. Ai theksoi se Kuvendi ka degraduar deri n\u00eb pik\u00ebn ku fut vendimet e Kushtetueses &hellip;<\/p>\n","protected":false},"author":4,"featured_media":59715,"comment_status":"closed","ping_status":"closed","sticky":false,"template":"","format":"standard","meta":{"footnotes":""},"categories":[37],"tags":[],"class_list":["post-70635","post","type-post","status-publish","format-standard","has-post-thumbnail","","category-politike"],"_links":{"self":[{"href":"https:\/\/rdnews.al\/index.php\/wp-json\/wp\/v2\/posts\/70635","targetHints":{"allow":["GET"]}}],"collection":[{"href":"https:\/\/rdnews.al\/index.php\/wp-json\/wp\/v2\/posts"}],"about":[{"href":"https:\/\/rdnews.al\/index.php\/wp-json\/wp\/v2\/types\/post"}],"author":[{"embeddable":true,"href":"https:\/\/rdnews.al\/index.php\/wp-json\/wp\/v2\/users\/4"}],"replies":[{"embeddable":true,"href":"https:\/\/rdnews.al\/index.php\/wp-json\/wp\/v2\/comments?post=70635"}],"version-history":[{"count":0,"href":"https:\/\/rdnews.al\/index.php\/wp-json\/wp\/v2\/posts\/70635\/revisions"}],"wp:featuredmedia":[{"embeddable":true,"href":"https:\/\/rdnews.al\/index.php\/wp-json\/wp\/v2\/media\/59715"}],"wp:attachment":[{"href":"https:\/\/rdnews.al\/index.php\/wp-json\/wp\/v2\/media?parent=70635"}],"wp:term":[{"taxonomy":"category","embeddable":true,"href":"https:\/\/rdnews.al\/index.php\/wp-json\/wp\/v2\/categories?post=70635"},{"taxonomy":"post_tag","embeddable":true,"href":"https:\/\/rdnews.al\/index.php\/wp-json\/wp\/v2\/tags?post=70635"}],"curies":[{"name":"wp","href":"https:\/\/api.w.org\/{rel}","templated":true}]}}