{"id":70644,"date":"2024-02-06T11:14:57","date_gmt":"2024-02-06T11:14:57","guid":{"rendered":"https:\/\/rdnews.al\/?p=70644"},"modified":"2024-02-06T11:14:57","modified_gmt":"2024-02-06T11:14:57","slug":"biden-thote-se-takohet-me-mitterrandin-qe-ka-vdekur-ne-vitin-1996","status":"publish","type":"post","link":"https:\/\/rdnews.al\/index.php\/2024\/02\/06\/biden-thote-se-takohet-me-mitterrandin-qe-ka-vdekur-ne-vitin-1996\/","title":{"rendered":"Biden thot\u00eb se takohet me Mitterrandin q\u00eb ka vdekur n\u00eb vitin 1996"},"content":{"rendered":"<p><strong>Fran\u00e7ois Mitterrand ishte president i Franc\u00ebs midis 1981 dhe 1995<\/strong><\/p>\n<p>Presidenti Biden tha para nj\u00eb turme n\u00eb Las Vegas t\u00eb diel\u00ebn se ai \u00ebsht\u00eb takuar s\u00eb fundmi me Francois Mitterrand-in, presidentin francez i cili ka vdekur prej afro 30 vjet\u00ebsh.<\/p>\n<p>Komentet erdh\u00ebn nd\u00ebrsa Biden po paralajm\u00ebronte p\u00ebr rreziqet e nj\u00eb presidence t\u00eb dyt\u00eb t\u00eb mundshme t\u00eb Trump-it, pasi ai synonte t\u00eb forconte entuziazmin para zgjedhjeve paraprake Demokrate t\u00eb s\u00eb mart\u00ebs n\u00eb Nevada.<\/p>\n<p>Biden tregoi nj\u00eb histori q\u00eb e ka treguar shum\u00eb her\u00eb gjat\u00eb presidenc\u00ebs s\u00eb tij, p\u00ebr nj\u00eb takim q\u00eb pati me presidentin francez Emmanuel Macron gjat\u00eb nj\u00eb takimi t\u00eb G7-\u00ebs n\u00eb Angli, disa muaj pasi Biden kishte marr\u00eb drejtimin e Sht\u00ebpis\u00eb s\u00eb Bardh\u00eb.<\/p>\n<p>&#8220;U ula dhe thash\u00eb, \u2018Amerika u kthye\u2019&#8221;, kujtoi Biden. &#8220;Dhe Mitterrand nga Gjermania &#8211; dua t\u00eb them nga Franca &#8211; m\u00eb pa dhe tha&#8230;&#8221;<\/p>\n<p>Biden u duk se heshti para se t\u00eb mblidhte mendimet e tij p\u00ebr t\u00eb p\u00ebrfunduar fjalin\u00eb: &#8220;P\u00ebr sa koh\u00eb je kthyer?&#8221;<\/p>\n<p>Presidenti vazhdoi, duke th\u00ebn\u00eb se &#8220;Kancelari i Gjermanis\u00eb&#8221; e pyeti at\u00eb se si &#8211; dhe SHBA-t\u00eb &#8211; do t\u00eb p\u00ebrgjigjeshin n\u00ebse, hipotetikisht, mij\u00ebra njer\u00ebz do t\u00eb sulmonin Dhom\u00ebn e Komun\u00ebve t\u00eb Britanis\u00eb dhe t\u00eb vrisnin dy oficer\u00eb policie britanik\u00eb, p\u00ebr t\u00eb t\u00eb ndaluar zgjedhjen e kryeministrit.<\/p>\n<p>Fran\u00e7ois Mitterrand ishte president i Franc\u00ebs midis viteve 1981 dhe 1995. Ai vdiq n\u00eb 1996.\/<strong>Fox News -Syri.net<\/strong><\/p>\n","protected":false},"excerpt":{"rendered":"<p>Fran\u00e7ois Mitterrand ishte president i Franc\u00ebs midis 1981 dhe 1995 Presidenti Biden tha para nj\u00eb turme n\u00eb Las Vegas t\u00eb diel\u00ebn se ai \u00ebsht\u00eb takuar s\u00eb fundmi me Francois Mitterrand-in, presidentin francez i cili ka vdekur prej afro 30 vjet\u00ebsh. Komentet erdh\u00ebn nd\u00ebrsa Biden po paralajm\u00ebronte p\u00ebr rreziqet e nj\u00eb presidence t\u00eb dyt\u00eb t\u00eb mundshme &hellip;<\/p>\n","protected":false},"author":4,"featured_media":70645,"comment_status":"closed","ping_status":"closed","sticky":false,"template":"","format":"standard","meta":{"footnotes":""},"categories":[38],"tags":[],"class_list":["post-70644","post","type-post","status-publish","format-standard","has-post-thumbnail","","category-bota"],"_links":{"self":[{"href":"https:\/\/rdnews.al\/index.php\/wp-json\/wp\/v2\/posts\/70644","targetHints":{"allow":["GET"]}}],"collection":[{"href":"https:\/\/rdnews.al\/index.php\/wp-json\/wp\/v2\/posts"}],"about":[{"href":"https:\/\/rdnews.al\/index.php\/wp-json\/wp\/v2\/types\/post"}],"author":[{"embeddable":true,"href":"https:\/\/rdnews.al\/index.php\/wp-json\/wp\/v2\/users\/4"}],"replies":[{"embeddable":true,"href":"https:\/\/rdnews.al\/index.php\/wp-json\/wp\/v2\/comments?post=70644"}],"version-history":[{"count":0,"href":"https:\/\/rdnews.al\/index.php\/wp-json\/wp\/v2\/posts\/70644\/revisions"}],"wp:featuredmedia":[{"embeddable":true,"href":"https:\/\/rdnews.al\/index.php\/wp-json\/wp\/v2\/media\/70645"}],"wp:attachment":[{"href":"https:\/\/rdnews.al\/index.php\/wp-json\/wp\/v2\/media?parent=70644"}],"wp:term":[{"taxonomy":"category","embeddable":true,"href":"https:\/\/rdnews.al\/index.php\/wp-json\/wp\/v2\/categories?post=70644"},{"taxonomy":"post_tag","embeddable":true,"href":"https:\/\/rdnews.al\/index.php\/wp-json\/wp\/v2\/tags?post=70644"}],"curies":[{"name":"wp","href":"https:\/\/api.w.org\/{rel}","templated":true}]}}