{"id":70647,"date":"2024-02-06T11:33:00","date_gmt":"2024-02-06T11:33:00","guid":{"rendered":"https:\/\/rdnews.al\/?p=70647"},"modified":"2024-02-06T11:33:00","modified_gmt":"2024-02-06T11:33:00","slug":"reforma-zgjedhore-garda-nuk-lejon-deputetet-e-pd-te-futen-ne-salle","status":"publish","type":"post","link":"https:\/\/rdnews.al\/index.php\/2024\/02\/06\/reforma-zgjedhore-garda-nuk-lejon-deputetet-e-pd-te-futen-ne-salle\/","title":{"rendered":"Reforma zgjedhore, Garda nuk lejon deputet\u00ebt e PD t\u00eb futen n\u00eb sall\u00eb"},"content":{"rendered":"<p>S\u00ebrish skandal n\u00eb ambientet e institucionit m\u00eb t\u00eb r\u00ebnd\u00ebsish\u00ebm n\u00eb vend.<\/p>\n<p>Garda nuk ka lejuar deputet\u00ebt e opozit\u00ebs t\u00eb futen n\u00eb ambientet ku zhvillon punimet Komisioni i Reform\u00ebs Zgjedhore. Po ashtu nuk jan\u00eb lejuar edhe mediat t\u00eb futen brenda.<\/p>\n<p>Vet\u00ebm pas disa momentesh tensioni, disa media mund\u00ebn t\u00eb futen brenda.<\/p>\n<p>Nd\u00ebrkoh\u00eb, gardist\u00ebt bllokuan \u00e7do ligjv\u00ebn\u00ebs t\u00eb opozit\u00ebs t\u00eb jet\u00eb i pranish\u00ebm n\u00eb sall\u00eb.<\/p>\n<p>Nga ana tjet\u00ebr, deputet\u00ebt demokrat\u00eb than\u00eb se gardist\u00ebt kan\u00eb dhunuar edhe gazetar\u00ebt duke tentuar t\u00eb bllokojn\u00eb k\u00ebdo q\u00eb t\u00eb futet brenda.<\/p>\n","protected":false},"excerpt":{"rendered":"<p>S\u00ebrish skandal n\u00eb ambientet e institucionit m\u00eb t\u00eb r\u00ebnd\u00ebsish\u00ebm n\u00eb vend. Garda nuk ka lejuar deputet\u00ebt e opozit\u00ebs t\u00eb futen n\u00eb ambientet ku zhvillon punimet Komisioni i Reform\u00ebs Zgjedhore. Po ashtu nuk jan\u00eb lejuar edhe mediat t\u00eb futen brenda. Vet\u00ebm pas disa momentesh tensioni, disa media mund\u00ebn t\u00eb futen brenda. Nd\u00ebrkoh\u00eb, gardist\u00ebt bllokuan \u00e7do ligjv\u00ebn\u00ebs &hellip;<\/p>\n","protected":false},"author":4,"featured_media":70648,"comment_status":"closed","ping_status":"closed","sticky":false,"template":"","format":"standard","meta":{"footnotes":""},"categories":[37],"tags":[],"class_list":["post-70647","post","type-post","status-publish","format-standard","has-post-thumbnail","","category-politike"],"_links":{"self":[{"href":"https:\/\/rdnews.al\/index.php\/wp-json\/wp\/v2\/posts\/70647","targetHints":{"allow":["GET"]}}],"collection":[{"href":"https:\/\/rdnews.al\/index.php\/wp-json\/wp\/v2\/posts"}],"about":[{"href":"https:\/\/rdnews.al\/index.php\/wp-json\/wp\/v2\/types\/post"}],"author":[{"embeddable":true,"href":"https:\/\/rdnews.al\/index.php\/wp-json\/wp\/v2\/users\/4"}],"replies":[{"embeddable":true,"href":"https:\/\/rdnews.al\/index.php\/wp-json\/wp\/v2\/comments?post=70647"}],"version-history":[{"count":0,"href":"https:\/\/rdnews.al\/index.php\/wp-json\/wp\/v2\/posts\/70647\/revisions"}],"wp:featuredmedia":[{"embeddable":true,"href":"https:\/\/rdnews.al\/index.php\/wp-json\/wp\/v2\/media\/70648"}],"wp:attachment":[{"href":"https:\/\/rdnews.al\/index.php\/wp-json\/wp\/v2\/media?parent=70647"}],"wp:term":[{"taxonomy":"category","embeddable":true,"href":"https:\/\/rdnews.al\/index.php\/wp-json\/wp\/v2\/categories?post=70647"},{"taxonomy":"post_tag","embeddable":true,"href":"https:\/\/rdnews.al\/index.php\/wp-json\/wp\/v2\/tags?post=70647"}],"curies":[{"name":"wp","href":"https:\/\/api.w.org\/{rel}","templated":true}]}}