{"id":70654,"date":"2024-02-06T11:48:02","date_gmt":"2024-02-06T11:48:02","guid":{"rendered":"https:\/\/rdnews.al\/?p=70654"},"modified":"2024-02-06T11:48:02","modified_gmt":"2024-02-06T11:48:02","slug":"si-vali-bizhga-thirri-ne-mbledhje-anetaret-e-kushtetueses-para-vendimit-per-marreveshjen-rama-meloni","status":"publish","type":"post","link":"https:\/\/rdnews.al\/index.php\/2024\/02\/06\/si-vali-bizhga-thirri-ne-mbledhje-anetaret-e-kushtetueses-para-vendimit-per-marreveshjen-rama-meloni\/","title":{"rendered":"Si Vali Bizhga thirri n\u00eb mbledhje an\u00ebtar\u00ebt e Kushtetueses para vendimit p\u00ebr marr\u00ebveshjen Rama-Meloni"},"content":{"rendered":"<p>Kreu i grupit parlamentar t\u00eb PD, Gazment Bardhi akuzoi k\u00ebt\u00eb t\u00eb mart\u00eb se Gjykata Kushtetuese \u00ebsht\u00eb n\u00ebn urdhrat e kryeministrit Edi Rama. N\u00eb nj\u00eb deklarat\u00eb p\u00ebr mediat nga kryesia e Kuvendit, ai tha se para\u00a0vendimit\u00a0p\u00ebr marr\u00ebveshjen Rama-Meloni, an\u00ebtar\u00ebt e Kushtetueses i thirri n\u00eb mbledhje Vali Bizhga, drejtoresha e kabinetit t\u00eb kreut t\u00eb qeveris\u00eb.<\/p>\n<p>Ai gjithashtu d\u00ebnoi\u00a0moszbatimin e vendimit t\u00eb Gjykat\u00ebs Kushtetuese nga Kuvendi,\u00a0p\u00ebr mandatin e deputetes socialiste Olta Xha\u00e7ka. Paralajm\u00ebroi ankim n\u00eb GJK t\u00eb ligjit t\u00eb miratuar nga mazhoranca n\u00eb Kuvend p\u00ebr komisionet hetimore. Ligji kufizon t\u00eb drejt\u00ebn e opozit\u00ebs p\u00ebr ngritjen e tyre dhe vendosin rregulla q\u00eb i japin mund\u00ebsi mazhoranc\u00ebs t\u00eb kontrolloj\u00eb vendimmarrjen p\u00ebr mbledhjen e provave dhe thirrjen e d\u00ebshmitar\u00ebve.<\/p>\n<p>Lidhur me tensionet n\u00eb\u00a0seanc\u00ebn e djeshme t\u00eb Kuvendit,\u00a0Bardhi paralajm\u00ebroi padi penale ndaj kryeparlamentares Lindita Nikolla. Ai tha se \u00ebsht\u00eb p\u00ebrgjegj\u00ebsia e saj q\u00eb deputet\u00ebt demokrat\u00eb u penguan t\u00eb futen n\u00eb seanc\u00ebn plenare nga punonj\u00ebsit e gard\u00ebs.<\/p>\n","protected":false},"excerpt":{"rendered":"<p>Kreu i grupit parlamentar t\u00eb PD, Gazment Bardhi akuzoi k\u00ebt\u00eb t\u00eb mart\u00eb se Gjykata Kushtetuese \u00ebsht\u00eb n\u00ebn urdhrat e kryeministrit Edi Rama. N\u00eb nj\u00eb deklarat\u00eb p\u00ebr mediat nga kryesia e Kuvendit, ai tha se para\u00a0vendimit\u00a0p\u00ebr marr\u00ebveshjen Rama-Meloni, an\u00ebtar\u00ebt e Kushtetueses i thirri n\u00eb mbledhje Vali Bizhga, drejtoresha e kabinetit t\u00eb kreut t\u00eb qeveris\u00eb. Ai gjithashtu &hellip;<\/p>\n","protected":false},"author":4,"featured_media":70655,"comment_status":"closed","ping_status":"closed","sticky":false,"template":"","format":"standard","meta":{"footnotes":""},"categories":[37],"tags":[],"class_list":["post-70654","post","type-post","status-publish","format-standard","has-post-thumbnail","","category-politike"],"_links":{"self":[{"href":"https:\/\/rdnews.al\/index.php\/wp-json\/wp\/v2\/posts\/70654","targetHints":{"allow":["GET"]}}],"collection":[{"href":"https:\/\/rdnews.al\/index.php\/wp-json\/wp\/v2\/posts"}],"about":[{"href":"https:\/\/rdnews.al\/index.php\/wp-json\/wp\/v2\/types\/post"}],"author":[{"embeddable":true,"href":"https:\/\/rdnews.al\/index.php\/wp-json\/wp\/v2\/users\/4"}],"replies":[{"embeddable":true,"href":"https:\/\/rdnews.al\/index.php\/wp-json\/wp\/v2\/comments?post=70654"}],"version-history":[{"count":0,"href":"https:\/\/rdnews.al\/index.php\/wp-json\/wp\/v2\/posts\/70654\/revisions"}],"wp:featuredmedia":[{"embeddable":true,"href":"https:\/\/rdnews.al\/index.php\/wp-json\/wp\/v2\/media\/70655"}],"wp:attachment":[{"href":"https:\/\/rdnews.al\/index.php\/wp-json\/wp\/v2\/media?parent=70654"}],"wp:term":[{"taxonomy":"category","embeddable":true,"href":"https:\/\/rdnews.al\/index.php\/wp-json\/wp\/v2\/categories?post=70654"},{"taxonomy":"post_tag","embeddable":true,"href":"https:\/\/rdnews.al\/index.php\/wp-json\/wp\/v2\/tags?post=70654"}],"curies":[{"name":"wp","href":"https:\/\/api.w.org\/{rel}","templated":true}]}}