{"id":70789,"date":"2024-02-07T12:41:51","date_gmt":"2024-02-07T12:41:51","guid":{"rendered":"https:\/\/rdnews.al\/?p=70789"},"modified":"2024-02-07T12:41:51","modified_gmt":"2024-02-07T12:41:51","slug":"si-veliaj-vodhi-taksen-e-qytetareve-per-arsimin-per-inceneratorin-inekzistent","status":"publish","type":"post","link":"https:\/\/rdnews.al\/index.php\/2024\/02\/07\/si-veliaj-vodhi-taksen-e-qytetareve-per-arsimin-per-inceneratorin-inekzistent\/","title":{"rendered":"Si Veliaj vodhi taks\u00ebn e qytetar\u00ebve p\u00ebr arsimin p\u00ebr inceneratorin inekzistent"},"content":{"rendered":"<p><strong>Tedi BLUSHI<\/strong><\/p>\n<p>Sot faktojm\u00eb me dokument zyrtar, at\u00eb q\u00eb kemi denoncuar m\u00eb her\u00ebt, se Erion Veliaj ka hequr s\u00eb fundmi rreth 6 milion euro nga buxheti i Bashkis\u00eb p\u00ebr arsimin dhe emergjencat civile, p\u00ebr t\u2019i kaluar tek inceneratori fantazm\u00eb dhe n\u00ebn sekuestro i Tiran\u00ebs.<\/p>\n<p>E vendosur me shpatulla pas muri nga k\u00ebrkesa zyrtare p\u00ebr transparenc\u00eb dhe llogaridh\u00ebnie e Partis\u00eb s\u00eb Liris\u00eb, Bashkia e Tiran\u00ebs pohon se ka prekur fondet p\u00ebr \u00e7erdhet, p\u00ebr kopshtet, p\u00ebr shkollat dhe p\u00ebr p\u00ebrmbytjet p\u00ebr t\u00eb vijuar pagesat p\u00ebr inceneratorin.<\/p>\n<p>N\u00eb p\u00ebrgjigjen e saj zyrtare, Bashkia pohon me arroganc\u00eb se p\u00ebr t\u00eb mbuluar pages\u00ebn e fondeve p\u00ebr inceneratorin jan\u00eb hequr:<\/p>\n<p>2.5 milion euro nga buxheti p\u00ebr arsimin parashkollor<br \/>\n1.7 milion euro nga buxheti p\u00ebr arsimin e mes\u00ebm.<br \/>\n1.8 milion euro nga Fondi Rezerv\u00eb.<\/p>\n<p>Ky pohim kriminal, q\u00eb duhet administratuar urgjentisht nga SPAK, \u00ebsht\u00eb nj\u00eb tjet\u00ebr prov\u00eb se Erion Veliaj \u00ebsht\u00eb pronari faktik i inceneratorit t\u00eb Tiran\u00ebs.<\/p>\n<p>\u00cbsht\u00eb nj\u00eb tjet\u00ebr prov\u00eb se pse sot n\u00eb Tiran\u00eb nuk nd\u00ebrtohen shkolla dhe \u00e7erdhe t\u00eb reja, pse vijon m\u00ebsimi me dy turne, pse mungon ngrohja dhe kushtet m\u00eb minimale t\u00eb edukimit dhe m\u00ebsimdh\u00ebnies.<\/p>\n<p>\u00cbsht\u00eb kjo arsyeja pse Tirana p\u00ebrmbyet pas \u00e7do rrebeshi shiu dhe \u201cthahet\u201d p\u00ebr uj\u00eb t\u00eb pijsh\u00ebm n\u00eb t\u00eb kat\u00ebr stin\u00ebt e vitit, pse nga qendra n\u00eb periferi nuk ka uj\u00eb t\u00eb pijsh\u00ebm 24 or\u00eb dhe pse sistemi i uj\u00ebsjell\u00ebs-kanalizimeve \u00ebsht\u00eb ende i amortizuar.<\/p>\n<p>P\u00ebr Erion Veliajn, pronarin faktik t\u00eb inceneratorit t\u00eb Tiran\u00ebs, interesi i tij personal dhe vijimi i k\u00ebsaj afere kriminale korruptive qartazi prevalon mbi interesin qytetar duke sfiduar hapur edhe organet e Drejt\u00ebsis\u00eb s\u00eb Re q\u00eb b\u00ebjn\u00eb sikur nuk i shohin k\u00ebto prova dhe fakte skandaloze.<\/p>\n<p>Vendimi p\u00ebr t\u00eb vazhduar vjedhjen dhe shp\u00ebrdorimin e taksave p\u00ebr shkollat, \u00e7erdhet dhe p\u00ebrmbytjet rr\u00ebzon jo vet\u00ebm propagand\u00ebn e g\u00ebnjesht\u00ebrt p\u00ebr investime n\u00eb arsim dhe emergjenca civile nga Bashkia e Tiran\u00ebs por ky \u00ebsht\u00eb posht\u00ebrimi i rradh\u00ebs i Erion Veliajt ndaj SPAK-ut q\u00eb n\u00eb vend ta marr\u00eb nj\u00eb or\u00eb e m\u00eb par\u00eb t\u00eb pandehur, mbyll syt\u00eb duke lejuar vijimin e pagesave p\u00ebr inceneratorin.<\/p>\n<p>Nd\u00ebrkoh\u00eb q\u00eb Drejt\u00ebsia e Re i ka bllokuar llogarit\u00eb bankare Arben Ahmetaj n\u00eb arrati p\u00ebrse e lejon Bashkin\u00eb e Tiran\u00ebs t\u00eb paguaj\u00eb p\u00ebr inceneratorin fantaz\u00ebm?<\/p>\n<p>P\u00ebrse k\u00ebto dy standarde kur gjithmon\u00eb e m\u00eb shum\u00eb provohet se Erion Veliaj, jo vet\u00ebm e ideoi, i hapi udh\u00ebn dhe \u00ebsht\u00eb p\u00ebrfituesi direkt i k\u00ebsaj afere, jo vet\u00ebm shkeli ligjin duke anashkaluar K\u00ebshillin Bashkiak por edhe i dha 15 ha tok\u00eb nd\u00ebrtim pa leje inceneratorit, jo vet\u00ebm i zhyti banor\u00ebt e Tiran\u00ebs n\u00eb borxh p\u00ebr 30 vite por edhe u heq atyre t\u00eb drejt\u00ebn bazike p\u00ebr t\u00eb patur uj\u00eb t\u00eb pijsh\u00ebm dhe nj\u00eb sistem arsimor dinjitoz p\u00ebr f\u00ebmij\u00ebt e tyre.<\/p>\n<p>I b\u00ebjm\u00eb thirrje SPAK t\u00eb administroj\u00eb urgjentisht edhe k\u00ebt\u00eb shkres\u00eb t\u00eb Bashkis\u00eb s\u00eb Tiran\u00ebs dhe t\u00eb marr\u00eb t\u00eb pandehur pronarin faktik t\u00eb inceneratorit fantaz\u00ebm, Erion Veliaj.<\/p>\n<p>Partia e Liris\u00eb \u00ebsht\u00eb e vendosur t\u00eb faktoj\u00eb me prova dhe dokumenta, jo me propaganda dhe hamendje, aferat kriminale t\u00eb \u201cRilindjes\u201d.<\/p>\n<p>N\u00eb drit\u00ebn e k\u00ebtyre provave, qytetar\u00ebt presin prej koh\u00ebsh q\u00eb pand\u00ebshkueshm\u00ebria t\u00eb marr\u00eb fund nj\u00ebher\u00eb e p\u00ebrgjithmon\u00eb.<br \/>\nDrejt\u00ebsia me regji q\u00ebndrore n\u00eb Bashki dhe n\u00eb Kryeministri \u00ebsht\u00eb bashk\u00ebfaj\u00ebsi!<\/p>\n","protected":false},"excerpt":{"rendered":"<p>Tedi BLUSHI Sot faktojm\u00eb me dokument zyrtar, at\u00eb q\u00eb kemi denoncuar m\u00eb her\u00ebt, se Erion Veliaj ka hequr s\u00eb fundmi rreth 6 milion euro nga buxheti i Bashkis\u00eb p\u00ebr arsimin dhe emergjencat civile, p\u00ebr t\u2019i kaluar tek inceneratori fantazm\u00eb dhe n\u00ebn sekuestro i Tiran\u00ebs. E vendosur me shpatulla pas muri nga k\u00ebrkesa zyrtare p\u00ebr transparenc\u00eb &hellip;<\/p>\n","protected":false},"author":3,"featured_media":66565,"comment_status":"closed","ping_status":"closed","sticky":false,"template":"","format":"standard","meta":{"footnotes":""},"categories":[37],"tags":[],"class_list":["post-70789","post","type-post","status-publish","format-standard","has-post-thumbnail","","category-politike"],"_links":{"self":[{"href":"https:\/\/rdnews.al\/index.php\/wp-json\/wp\/v2\/posts\/70789","targetHints":{"allow":["GET"]}}],"collection":[{"href":"https:\/\/rdnews.al\/index.php\/wp-json\/wp\/v2\/posts"}],"about":[{"href":"https:\/\/rdnews.al\/index.php\/wp-json\/wp\/v2\/types\/post"}],"author":[{"embeddable":true,"href":"https:\/\/rdnews.al\/index.php\/wp-json\/wp\/v2\/users\/3"}],"replies":[{"embeddable":true,"href":"https:\/\/rdnews.al\/index.php\/wp-json\/wp\/v2\/comments?post=70789"}],"version-history":[{"count":0,"href":"https:\/\/rdnews.al\/index.php\/wp-json\/wp\/v2\/posts\/70789\/revisions"}],"wp:featuredmedia":[{"embeddable":true,"href":"https:\/\/rdnews.al\/index.php\/wp-json\/wp\/v2\/media\/66565"}],"wp:attachment":[{"href":"https:\/\/rdnews.al\/index.php\/wp-json\/wp\/v2\/media?parent=70789"}],"wp:term":[{"taxonomy":"category","embeddable":true,"href":"https:\/\/rdnews.al\/index.php\/wp-json\/wp\/v2\/categories?post=70789"},{"taxonomy":"post_tag","embeddable":true,"href":"https:\/\/rdnews.al\/index.php\/wp-json\/wp\/v2\/tags?post=70789"}],"curies":[{"name":"wp","href":"https:\/\/api.w.org\/{rel}","templated":true}]}}