{"id":70808,"date":"2024-02-07T17:27:46","date_gmt":"2024-02-07T17:27:46","guid":{"rendered":"https:\/\/rdnews.al\/?p=70808"},"modified":"2024-02-07T17:27:46","modified_gmt":"2024-02-07T17:27:46","slug":"paloka-deputete-te-ps-pranuan-ne-uashington-se-lideri-i-pd-eshte-sali-berisha","status":"publish","type":"post","link":"https:\/\/rdnews.al\/index.php\/2024\/02\/07\/paloka-deputete-te-ps-pranuan-ne-uashington-se-lideri-i-pd-eshte-sali-berisha\/","title":{"rendered":"Paloka: Deputet\u00eb t\u00eb PS pranuan n\u00eb Uashington se lideri i PD \u00ebsht\u00eb Sali Berisha!"},"content":{"rendered":"<p>Kryetari i K\u00ebshillit Komb\u00ebtar t\u00eb PD, Edi Paloka u pyet n\u00eb lidhje me protestat e opozit\u00ebs posht\u00eb banes\u00ebs s\u00eb Berish\u00ebs, aksionin opozitar dhe p\u00ebrplasjet m\u00eb t\u00eb fundit n\u00eb Kuvend dhe Parlament, i ftuar n\u00eb \u201cDitarin e mesdit\u00ebs\u201d n\u00eb A2 CNN.<\/p>\n<p>I pyetur n\u00eb lidhje me faktin se kush \u00ebsht\u00eb kryetari i Partis\u00eb Demokratike, Paloka tha se, jo vet\u00ebm deputet\u00ebt demokrat\u00eb, por ka edhe nga ata socialist\u00eb, t\u00eb cil\u00ebt e kan\u00eb pranuar edhe n\u00eb Uashington se kreu i PD \u00ebsht\u00eb Sali Berisha.<\/p>\n<p>\u201cUn\u00eb besoj se q\u00ebndrimet se, q\u00ebndrimet jo vet\u00ebm t\u00eb z. Bardhi, por edhe t\u00eb deputet\u00ebve t\u00eb tjer\u00eb kan\u00eb qen\u00eb m\u00ebse t\u00eb qarta. Por, jo vet\u00ebm brenda PD, por s\u00eb shpejti mbase do t\u00eb merrni lajmin q\u00eb, edhe deputet\u00eb brenda Partis\u00eb Socialiste kan\u00eb pranuar edhe n\u00eb Uashington se, lider i opozit\u00ebs \u00ebsht\u00eb Sali Berisha dhe k\u00ebt\u00eb nuk e diskuton njeri. Pastaj q\u00ebndrimet personale, e dua apo nuk e dua Sali Berish\u00ebn apo Gazment Bardhin, k\u00ebto jan\u00eb \u00e7\u00ebshtje t\u00eb tjera. Shum\u00eb nga ne sa her\u00eb q\u00eb votojm\u00eb p\u00ebr kryetarin apo kryesin\u00eb sigurisht q\u00eb kemi p\u00ebrzgjedhjet tona, kemi zgjedhjet q\u00eb b\u00ebn gjithsecili.<\/p>\n<p>N\u00ebse dikush nuk e do Berish\u00ebn si kryetar, nuk do t\u00eb thot\u00eb q\u00eb nuk e njeh si institucion. PD ka r\u00ebnd\u00ebsi q\u00eb sot \u00ebsht\u00eb nj\u00eb, ka nj\u00eb q\u00ebllim. Un\u00eb mendoj q\u00eb e gjith\u00eb opozita sot \u00ebsht\u00eb n\u00eb nj\u00eb front, dhe nuk mund t\u00eb ndodh\u00eb ndryshe. N\u00ebse ne nuk arrijm\u00eb t\u00eb realizojm\u00eb k\u00ebto gj\u00ebra q\u00eb varet vet\u00ebm nga ne, p\u00ebr t\u00eb realizuar bashkimin e opozit\u00ebs, pastaj \u00ebsht\u00eb e kot\u00eb q\u00eb t\u00eb g\u00ebnjejm\u00eb njer\u00ebzit e tu themi se jemi n\u00eb betej\u00eb p\u00ebr t\u00eb rikthyer demokracin\u00eb n\u00eb Shqip\u00ebri\u201d, u shpreh nd\u00ebr t\u00eb tjera Paloka.<\/p>\n","protected":false},"excerpt":{"rendered":"<p>Kryetari i K\u00ebshillit Komb\u00ebtar t\u00eb PD, Edi Paloka u pyet n\u00eb lidhje me protestat e opozit\u00ebs posht\u00eb banes\u00ebs s\u00eb Berish\u00ebs, aksionin opozitar dhe p\u00ebrplasjet m\u00eb t\u00eb fundit n\u00eb Kuvend dhe Parlament, i ftuar n\u00eb \u201cDitarin e mesdit\u00ebs\u201d n\u00eb A2 CNN. I pyetur n\u00eb lidhje me faktin se kush \u00ebsht\u00eb kryetari i Partis\u00eb Demokratike, Paloka tha &hellip;<\/p>\n","protected":false},"author":4,"featured_media":0,"comment_status":"closed","ping_status":"closed","sticky":false,"template":"","format":"standard","meta":{"footnotes":""},"categories":[37],"tags":[],"class_list":["post-70808","post","type-post","status-publish","format-standard","","category-politike"],"_links":{"self":[{"href":"https:\/\/rdnews.al\/index.php\/wp-json\/wp\/v2\/posts\/70808","targetHints":{"allow":["GET"]}}],"collection":[{"href":"https:\/\/rdnews.al\/index.php\/wp-json\/wp\/v2\/posts"}],"about":[{"href":"https:\/\/rdnews.al\/index.php\/wp-json\/wp\/v2\/types\/post"}],"author":[{"embeddable":true,"href":"https:\/\/rdnews.al\/index.php\/wp-json\/wp\/v2\/users\/4"}],"replies":[{"embeddable":true,"href":"https:\/\/rdnews.al\/index.php\/wp-json\/wp\/v2\/comments?post=70808"}],"version-history":[{"count":0,"href":"https:\/\/rdnews.al\/index.php\/wp-json\/wp\/v2\/posts\/70808\/revisions"}],"wp:attachment":[{"href":"https:\/\/rdnews.al\/index.php\/wp-json\/wp\/v2\/media?parent=70808"}],"wp:term":[{"taxonomy":"category","embeddable":true,"href":"https:\/\/rdnews.al\/index.php\/wp-json\/wp\/v2\/categories?post=70808"},{"taxonomy":"post_tag","embeddable":true,"href":"https:\/\/rdnews.al\/index.php\/wp-json\/wp\/v2\/tags?post=70808"}],"curies":[{"name":"wp","href":"https:\/\/api.w.org\/{rel}","templated":true}]}}