{"id":70971,"date":"2024-02-09T10:13:04","date_gmt":"2024-02-09T10:13:04","guid":{"rendered":"https:\/\/rdnews.al\/?p=70971"},"modified":"2024-02-09T10:13:04","modified_gmt":"2024-02-09T10:13:04","slug":"xhaka-dhe-shaqiri-serish-perballe-serbise","status":"publish","type":"post","link":"https:\/\/rdnews.al\/index.php\/2024\/02\/09\/xhaka-dhe-shaqiri-serish-perballe-serbise\/","title":{"rendered":"Xhaka dhe Shaqiri s\u00ebrish p\u00ebrball\u00eb Serbis\u00eb"},"content":{"rendered":"<p>Liga A e Lig\u00ebs s\u00eb Kombeve \u00ebsht\u00eb m\u00eb interesantja nga t\u00eb gjith\u00eb dhe ka grupe mjaft t\u00eb forta.<br \/>\nZvicra do t\u00eb p\u00ebrballet s\u00ebrish me Serbin\u00eb.<\/p>\n<p><strong>Grupi 4<\/strong><\/p>\n<p>Spanja<br \/>\nDanimarka<br \/>\nZvicra<br \/>\nSerbia<\/p>\n<p>Helvetik\u00ebt e kan\u00eb mposhtur dy her\u00eb radhazi Serbin\u00eb n\u00eb faz\u00ebn e grupeve t\u00eb Bot\u00ebrorit 2018 dhe 2022, n\u00eb krye me Granit Xhak\u00ebn dhe Xherdan Shaqirin.<\/p>\n<p>Por, dy p\u00ebrballje t\u00eb reja brenda nj\u00eb periudhe t\u00eb shkurt\u00ebr duket se nuk jan\u00eb edhe aq t\u00eb mir\u00ebseardhura p\u00ebr Zvicr\u00ebn.<\/p>\n<p>Mediumi i njohur, Blick shkruan se dy duelet e fundit kan\u00eb qen\u00eb mjaft t\u00eb nxehta, marr\u00eb parasysh prejardhjen e Granit Xhak\u00ebs dhe Xherdan Shaqirit.<\/p>\n<p>\u201cEfektet an\u00ebsore q\u00eb p\u00ebrballja e tret\u00eb dhe e kat\u00ebrt me serb\u00ebt do t\u00eb vijn\u00eb n\u00eb nj\u00eb koh\u00eb t\u00eb shkurt\u00ebr jan\u00eb megjithat\u00eb m\u00eb pak t\u00eb mir\u00ebpritura: N\u00ebse supozohet se Granit Xhaka dhe Xherdan Shaqiri do t\u00eb jen\u00eb ende pjes\u00eb e komb\u00ebtares s\u00eb Zvicr\u00ebs vjesht\u00ebn e ardhshme, diskutimi politik do t\u00eb ngrihet s\u00ebrish. P\u00ebr shkak t\u00eb rr\u00ebnj\u00ebve kosovare t\u00eb dyshes, t\u00eb cilat i b\u00ebjn\u00eb ata armiq n\u00eb syt\u00eb e shum\u00eb serb\u00ebve. Ndeshjet nd\u00ebrmjet Kosov\u00ebs dhe Serbis\u00eb aktualisht jan\u00eb t\u00eb ndaluara p\u00ebr shkak t\u00eb konfliktit mes vendeve\u201d, thuhet nd\u00ebr tjera n\u00eb artikullin e Blick.<\/p>\n<p>Ndeshjet e edicionit t\u00eb ri t\u00eb Lig\u00ebs s\u00eb Kombeve nisin n\u00eb muajin shtator.<\/p>\n","protected":false},"excerpt":{"rendered":"<p>Liga A e Lig\u00ebs s\u00eb Kombeve \u00ebsht\u00eb m\u00eb interesantja nga t\u00eb gjith\u00eb dhe ka grupe mjaft t\u00eb forta. Zvicra do t\u00eb p\u00ebrballet s\u00ebrish me Serbin\u00eb. Grupi 4 Spanja Danimarka Zvicra Serbia Helvetik\u00ebt e kan\u00eb mposhtur dy her\u00eb radhazi Serbin\u00eb n\u00eb faz\u00ebn e grupeve t\u00eb Bot\u00ebrorit 2018 dhe 2022, n\u00eb krye me Granit Xhak\u00ebn dhe Xherdan &hellip;<\/p>\n","protected":false},"author":4,"featured_media":33981,"comment_status":"closed","ping_status":"closed","sticky":false,"template":"","format":"standard","meta":{"footnotes":""},"categories":[39],"tags":[],"class_list":["post-70971","post","type-post","status-publish","format-standard","has-post-thumbnail","","category-sport"],"_links":{"self":[{"href":"https:\/\/rdnews.al\/index.php\/wp-json\/wp\/v2\/posts\/70971","targetHints":{"allow":["GET"]}}],"collection":[{"href":"https:\/\/rdnews.al\/index.php\/wp-json\/wp\/v2\/posts"}],"about":[{"href":"https:\/\/rdnews.al\/index.php\/wp-json\/wp\/v2\/types\/post"}],"author":[{"embeddable":true,"href":"https:\/\/rdnews.al\/index.php\/wp-json\/wp\/v2\/users\/4"}],"replies":[{"embeddable":true,"href":"https:\/\/rdnews.al\/index.php\/wp-json\/wp\/v2\/comments?post=70971"}],"version-history":[{"count":0,"href":"https:\/\/rdnews.al\/index.php\/wp-json\/wp\/v2\/posts\/70971\/revisions"}],"wp:featuredmedia":[{"embeddable":true,"href":"https:\/\/rdnews.al\/index.php\/wp-json\/wp\/v2\/media\/33981"}],"wp:attachment":[{"href":"https:\/\/rdnews.al\/index.php\/wp-json\/wp\/v2\/media?parent=70971"}],"wp:term":[{"taxonomy":"category","embeddable":true,"href":"https:\/\/rdnews.al\/index.php\/wp-json\/wp\/v2\/categories?post=70971"},{"taxonomy":"post_tag","embeddable":true,"href":"https:\/\/rdnews.al\/index.php\/wp-json\/wp\/v2\/tags?post=70971"}],"curies":[{"name":"wp","href":"https:\/\/api.w.org\/{rel}","templated":true}]}}