{"id":71003,"date":"2024-02-09T11:14:36","date_gmt":"2024-02-09T11:14:36","guid":{"rendered":"https:\/\/rdnews.al\/?p=71003"},"modified":"2024-02-09T11:14:36","modified_gmt":"2024-02-09T11:14:36","slug":"paloka-protesta-e-20-shkurtit-nje-nga-kulmet-e-aksionit-opozitar","status":"publish","type":"post","link":"https:\/\/rdnews.al\/index.php\/2024\/02\/09\/paloka-protesta-e-20-shkurtit-nje-nga-kulmet-e-aksionit-opozitar\/","title":{"rendered":"Paloka: Protesta e 20 shkurtit, nj\u00eb nga kulmet e aksionit opozitar!"},"content":{"rendered":"<p>Deputeti i PD, Edi Paloka e sheh protest\u00ebn e 20 shkurtit si nj\u00eb nga kulmet e aksionit opozitar. Duke folur p\u00ebr \u201cMCN Live\u201d, Paloka tha se aksioni opozitar do t\u00eb jet\u00eb i larmish\u00ebm dhe se nuk mund t\u00eb quhet vet\u00ebm ajo q\u00eb \u00ebsht\u00eb b\u00ebr\u00eb n\u00eb parlament, pasi aty protestojn\u00eb p\u00ebr t\u00eb marr\u00eb ato t\u00eb drejta q\u00eb iu jan\u00eb marr\u00eb koh\u00ebt e fundit.<\/p>\n<p>\u201cNe e dim\u00eb q\u00eb nuk rr\u00ebzohet Rama, pse ne mblidhemi te rrugica e Berish\u00ebs, ajo q\u00eb quhet \u2018Rruga e shpres\u00ebs\u2019. Pjesa e organizimit q\u00eb i p\u00ebrket struktur\u00ebs do t\u00eb p\u00ebrfshij\u00eb gjith\u00eb deputet\u00ebt e grupit q\u00eb do t\u00eb shp\u00ebrndahemi sipas zonave t\u00eb caktuara. Ne do t\u00eb p\u00ebrqendrohemi kryesisht n\u00eb t\u00eb gjith\u00eb Shqip\u00ebrin\u00eb dhe mbi t\u00eb gjitha n\u00eb zonat m\u00eb determinonte p\u00ebr Shqip\u00ebrin\u00eb. \u00cbsht\u00eb dita kur do p\u00ebrmbysen simbolet e diktatur\u00ebs. P\u00ebr ne \u00ebsht\u00eb qartazi q\u00eb jemi rikthyer n\u00eb nj\u00eb regjim diktatorial, qytetar\u00ebt duhet t\u00eb \u00e7ohen.<\/p>\n<p>Gjith\u00eb ky reagim i qytetar\u00ebve, kudo q\u00eb jan\u00eb, le t\u00eb shprehet at\u00eb dit\u00eb, t\u00eb pakt\u00ebn me prani n\u00eb at\u00eb protest\u00eb. Un\u00eb e shoh q\u00eb edhe frika ka z\u00ebn\u00eb vend me k\u00ebt\u00eb diktatur\u00eb. Kjo nuk \u00ebsht\u00eb protest\u00eb as e PD, as e opozit\u00ebs, nuk \u00ebsht\u00eb e jona, por e t\u00eb gjith\u00ebve ne. Berisha \u00ebsht\u00eb sot lideri i opozit\u00ebs i arrestuar. Nuk \u00ebsht\u00eb Berisha nj\u00eb individ. N\u00ebse do ishte nj\u00eb individ i mbajtur n\u00eb arrest sht\u00ebpie do ishte \u00e7\u00ebshtje krejt tjet\u00ebr. \u00cbsht\u00eb evidente q\u00eb opozita \u00ebsht\u00eb izoluar si lideri i opozit\u00ebs. Berish\u00ebn nuk e z\u00ebvend\u00ebson asnj\u00eb, ne n\u00eb k\u00ebt\u00eb protest\u00eb do t\u00eb jemi t\u00eb gjith\u00eb bashk\u00eb. Ne nuk jemi p\u00ebr protesta t\u00eb dhunshme, ne gjith\u00eb betej\u00ebn do e b\u00ebjm\u00eb q\u00eb qytetar\u00ebt ta shprehin revolt\u00ebn e tyre me pranin\u00eb n\u00eb protest\u00eb. Si\u00e7 ka th\u00ebn\u00eb Berisha populli i mir\u00eb t\u00eb drejton\u201d,\u00a0tha Paloka.<\/p>\n<p>\u201cQ\u00ebllimi yn\u00eb \u00ebsht\u00eb tek numri i qytetar\u00ebve q\u00eb duhet t\u00eb jen\u00eb t\u00eb pranish\u00ebm me \u00e7do m\u00ebnyr\u00eb n\u00eb 20 shkurt, p\u00ebr t\u00eb treguar q\u00eb nuk jan\u00eb dakord me k\u00ebt\u00eb qeveri. Del ish-z\u00ebvend\u00ebskryeministri dhe shuhet \u00e7do deklarat\u00eb e tij sikur nuk ka ndodhur asgj\u00eb. Po t\u00eb ndodhte n\u00eb ndonj\u00eb vend tjet\u00ebr t\u00eb bot\u00ebs do ishte b\u00ebr\u00eb hataja. Pik\u00ebrisht dit\u00ebn kur u arrestua Berisha, Basha doli dhe tha nj\u00eb t\u00eb v\u00ebrtet\u00eb, atij kur kan\u00eb p\u00ebrjashtuar Berish\u00ebn, i dhan\u00eb nj\u00eb ultimatum ose Berisha del nga politika, ose ne do t\u2019i b\u00ebjm\u00eb atij \u00e7far\u00eb t\u00eb mundemi. \u00cbsht\u00eb qartazi nj\u00eb hap politik. N\u00ebse Berisha do t\u00eb dilte me qet\u00ebsi, s\u2019do t\u00eb kishte ndodhur asgj\u00eb nga k\u00ebto. Un\u00eb kam nj\u00eb pyetje p\u00ebr Bash\u00ebn, kush ta b\u00ebri k\u00ebrc\u00ebnimin, Rama, apo n\u00ebp\u00ebrmjet Yuri Kim.<\/p>\n<p>Bashkimi i Bardhit pas kthimit nga SHBA n\u00eb rrugic\u00ebn e protest\u00ebs, ishte normal. N\u00eb diskutimin q\u00eb \u00ebsht\u00eb b\u00ebr\u00eb edhe me Gabriel Eskobar n\u00eb SHBA ka pasur nj\u00eb moment q\u00eb ai ka th\u00ebn\u00eb se ne nuk jemi kund\u00ebrshtar t\u00eb PD dhe opozit\u00ebs, ne thjesht kemi at\u00eb problemin me Berish\u00ebn q\u00eb ata e quajn\u00eb \u00e7\u00ebshtje teknike, politike. Kan\u00eb qen\u00eb 10 veta aty dhe t\u00eb Partis\u00eb Socialiste. N\u00eb at\u00eb diskutim kur Eksobar ka th\u00ebn\u00eb se nuk e kemi me opozit\u00ebn por me Berish\u00ebn. I \u00ebsht\u00eb th\u00ebn\u00eb jo vet\u00ebm nga opozitar\u00ebt por dhe nga socialist\u00ebt, q\u00eb opozita \u00ebsht\u00eb Sali Berisha. Pse erdhi Bardhi? Bardhi do t\u00eb vinte aty, por edhe \u00e7do deputet i PD n\u00eb t\u00eb gjith\u00eb Shqip\u00ebrin\u00eb. Bardhi dhe gjith\u00eb deputet\u00ebt e PD duhet t\u00eb jen\u00eb tek ata q\u00eb i kan\u00eb votuar\u201d,\u00a0shtoi ai.<\/p>\n<p>\u201cP\u00ebrderisa njer\u00ebzit jan\u00eb te Sali Berisha, m\u00eb duket jasht\u00eb logjike t\u00eb shkosh te vendi i Berish\u00ebs dhe t\u2019ia marr\u00ebsh. Vendin e Sali Berish\u00ebs si kryetar i PD, mund ta z\u00ebr\u00eb kushdo q\u00eb do konkurroj\u00eb nes\u00ebr apo n\u00eb momentin e duhur dhe mund ta mund\u00eb. Mund t\u00eb jet\u00eb Bardhi, mund t\u00eb jem un\u00eb, mund t\u00eb jet\u00eb kushdo tjet\u00ebr. N\u00ebse e shihni si taktik\u00eb p\u00ebr postin e kryetarit, nuk mendoj se \u00ebsht\u00eb kjo. Bash\u00ebn nuk e konsideroj opozit\u00eb, \u00ebsht\u00eb b\u00ebr\u00eb pjes\u00eb e Ram\u00ebs. Lulzim Basha \u00ebsht\u00eb i marr\u00eb peng dhe nuk ka gj\u00eb m\u00eb t\u00eb keqe se t\u00eb jesh i marr\u00eb peng\u201d,\u00a0tha Paloka m\u00eb tej.<\/p>\n","protected":false},"excerpt":{"rendered":"<p>Deputeti i PD, Edi Paloka e sheh protest\u00ebn e 20 shkurtit si nj\u00eb nga kulmet e aksionit opozitar. Duke folur p\u00ebr \u201cMCN Live\u201d, Paloka tha se aksioni opozitar do t\u00eb jet\u00eb i larmish\u00ebm dhe se nuk mund t\u00eb quhet vet\u00ebm ajo q\u00eb \u00ebsht\u00eb b\u00ebr\u00eb n\u00eb parlament, pasi aty protestojn\u00eb p\u00ebr t\u00eb marr\u00eb ato t\u00eb drejta &hellip;<\/p>\n","protected":false},"author":4,"featured_media":71004,"comment_status":"closed","ping_status":"closed","sticky":false,"template":"","format":"standard","meta":{"footnotes":""},"categories":[37],"tags":[],"class_list":["post-71003","post","type-post","status-publish","format-standard","has-post-thumbnail","","category-politike"],"_links":{"self":[{"href":"https:\/\/rdnews.al\/index.php\/wp-json\/wp\/v2\/posts\/71003","targetHints":{"allow":["GET"]}}],"collection":[{"href":"https:\/\/rdnews.al\/index.php\/wp-json\/wp\/v2\/posts"}],"about":[{"href":"https:\/\/rdnews.al\/index.php\/wp-json\/wp\/v2\/types\/post"}],"author":[{"embeddable":true,"href":"https:\/\/rdnews.al\/index.php\/wp-json\/wp\/v2\/users\/4"}],"replies":[{"embeddable":true,"href":"https:\/\/rdnews.al\/index.php\/wp-json\/wp\/v2\/comments?post=71003"}],"version-history":[{"count":0,"href":"https:\/\/rdnews.al\/index.php\/wp-json\/wp\/v2\/posts\/71003\/revisions"}],"wp:featuredmedia":[{"embeddable":true,"href":"https:\/\/rdnews.al\/index.php\/wp-json\/wp\/v2\/media\/71004"}],"wp:attachment":[{"href":"https:\/\/rdnews.al\/index.php\/wp-json\/wp\/v2\/media?parent=71003"}],"wp:term":[{"taxonomy":"category","embeddable":true,"href":"https:\/\/rdnews.al\/index.php\/wp-json\/wp\/v2\/categories?post=71003"},{"taxonomy":"post_tag","embeddable":true,"href":"https:\/\/rdnews.al\/index.php\/wp-json\/wp\/v2\/tags?post=71003"}],"curies":[{"name":"wp","href":"https:\/\/api.w.org\/{rel}","templated":true}]}}