{"id":71089,"date":"2024-02-10T12:38:52","date_gmt":"2024-02-10T12:38:52","guid":{"rendered":"https:\/\/rdnews.al\/?p=71089"},"modified":"2024-02-10T12:40:13","modified_gmt":"2024-02-10T12:40:13","slug":"serbia-plan-per-atentat-ne-shkup-ndaj-kryeministrit-te-kosoves-albin-kurti","status":"publish","type":"post","link":"https:\/\/rdnews.al\/index.php\/2024\/02\/10\/serbia-plan-per-atentat-ne-shkup-ndaj-kryeministrit-te-kosoves-albin-kurti\/","title":{"rendered":"Serbia, plan p\u00ebr atentat n\u00eb Shkup ndaj kryeministrit t\u00eb Kosov\u00ebs, Albin Kurti"},"content":{"rendered":"<p>Burime t\u00eb besueshme nga institucione t\u00eb siguris\u00eb n\u00eb Kosov\u00eb, kan\u00eb th\u00ebn\u00eb p\u00ebr<a href=\"https:\/\/www.rtklive.com\/sq\/news-single.php?ID=658495\" target=\"_blank\" rel=\"noopener\">\u00a0RTK<\/a>-n\u00eb se, menj\u00ebher\u00eb pas mbledhjes s\u00eb K\u00ebshillit t\u00eb Sigurimit t\u00eb OKB-s\u00eb, kan\u00eb siguruar t\u00eb dh\u00ebna se nga Serbia ka p\u00ebrpjekje p\u00ebr vrasjen e kryeministrit t\u00eb Republik\u00ebs s\u00eb Kosov\u00ebs, Albin Kurtit n\u00eb Shkup, ku ka q\u00ebndruar mbr\u00ebm\u00eb.<\/p>\n<p>Kryeministri Kurti, mbr\u00ebm\u00eb ka arritur n\u00eb Shkup, kurse paraprakisht jan\u00eb marr\u00eb t\u00eb gjitha masat e siguris\u00eb, n\u00eb koordinim me institucionet e siguris\u00eb s\u00eb Maqedonis\u00eb s\u00eb Veriut.<\/p>\n<p>RTK-s\u00eb i \u00ebsht\u00eb th\u00ebn\u00eb se vler\u00ebsimet p\u00ebr k\u00ebrc\u00ebnimin e jet\u00ebs s\u00eb Kurtit kan\u00eb qen\u00eb serioze, ve\u00e7mas duke marr\u00eb parasysh se ato kan\u00eb ardhur nga disa burime t\u00eb informacionit.<\/p>\n<p>\u201cKa qen\u00eb nj\u00eb kombinacion operativ serb, ku jan\u00eb g\u00ebrshetuar mashtrimet mediale me veprimet n\u00eb terren nga atentator\u00eb t\u00eb mundsh\u00ebm t\u00eb ekstremit serbo-maqedonas, t\u00eb af\u00ebrt me Federat\u00ebn Ruse, por n\u00ebn kontrollin e institucioneve serbe\u201d,\u00a0ka th\u00ebn\u00eb burimi p\u00ebr RTK-n\u00eb.<\/p>\n<p>RTK ka m\u00ebsuar se tashm\u00eb Kryeministri Kurti ka hyr\u00eb n\u00eb Kosov\u00eb, dhe bashk\u00ebpunimi i institucioneve t\u00eb siguris\u00eb n\u00eb mes Kosov\u00ebs dhe Maqedonis\u00eb s\u00eb Veriut ka siguruar n\u00eb m\u00ebnyr\u00eb profesionale gjith\u00eb perimetrin e Kurtit.<\/p>\n<p>Gjat\u00eb dit\u00ebs, RTK do t\u00eb provoj\u00eb q\u00eb t\u00eb publikoj\u00eb edhe versionin sa m\u00eb t\u00eb plot\u00eb t\u00eb k\u00ebsaj p\u00ebrpjekje p\u00ebr atentatin e mundsh\u00ebm ndaj Kryeministrit Kurti.<\/p>\n","protected":false},"excerpt":{"rendered":"<p>Burime t\u00eb besueshme nga institucione t\u00eb siguris\u00eb n\u00eb Kosov\u00eb, kan\u00eb th\u00ebn\u00eb p\u00ebr\u00a0RTK-n\u00eb se, menj\u00ebher\u00eb pas mbledhjes s\u00eb K\u00ebshillit t\u00eb Sigurimit t\u00eb OKB-s\u00eb, kan\u00eb siguruar t\u00eb dh\u00ebna se nga Serbia ka p\u00ebrpjekje p\u00ebr vrasjen e kryeministrit t\u00eb Republik\u00ebs s\u00eb Kosov\u00ebs, Albin Kurtit n\u00eb Shkup, ku ka q\u00ebndruar mbr\u00ebm\u00eb. Kryeministri Kurti, mbr\u00ebm\u00eb ka arritur n\u00eb Shkup, kurse &hellip;<\/p>\n","protected":false},"author":4,"featured_media":71090,"comment_status":"closed","ping_status":"closed","sticky":false,"template":"","format":"standard","meta":{"footnotes":""},"categories":[37],"tags":[],"class_list":["post-71089","post","type-post","status-publish","format-standard","has-post-thumbnail","","category-politike"],"_links":{"self":[{"href":"https:\/\/rdnews.al\/index.php\/wp-json\/wp\/v2\/posts\/71089","targetHints":{"allow":["GET"]}}],"collection":[{"href":"https:\/\/rdnews.al\/index.php\/wp-json\/wp\/v2\/posts"}],"about":[{"href":"https:\/\/rdnews.al\/index.php\/wp-json\/wp\/v2\/types\/post"}],"author":[{"embeddable":true,"href":"https:\/\/rdnews.al\/index.php\/wp-json\/wp\/v2\/users\/4"}],"replies":[{"embeddable":true,"href":"https:\/\/rdnews.al\/index.php\/wp-json\/wp\/v2\/comments?post=71089"}],"version-history":[{"count":0,"href":"https:\/\/rdnews.al\/index.php\/wp-json\/wp\/v2\/posts\/71089\/revisions"}],"wp:featuredmedia":[{"embeddable":true,"href":"https:\/\/rdnews.al\/index.php\/wp-json\/wp\/v2\/media\/71090"}],"wp:attachment":[{"href":"https:\/\/rdnews.al\/index.php\/wp-json\/wp\/v2\/media?parent=71089"}],"wp:term":[{"taxonomy":"category","embeddable":true,"href":"https:\/\/rdnews.al\/index.php\/wp-json\/wp\/v2\/categories?post=71089"},{"taxonomy":"post_tag","embeddable":true,"href":"https:\/\/rdnews.al\/index.php\/wp-json\/wp\/v2\/tags?post=71089"}],"curies":[{"name":"wp","href":"https:\/\/api.w.org\/{rel}","templated":true}]}}