{"id":71121,"date":"2024-02-11T18:34:34","date_gmt":"2024-02-11T18:34:34","guid":{"rendered":"https:\/\/rdnews.al\/?p=71121"},"modified":"2024-02-11T18:34:34","modified_gmt":"2024-02-11T18:34:34","slug":"berisha-rama-ne-asamble-ne-krah-kishte-mcgonigal-para-tij-ecte-ahmetaj","status":"publish","type":"post","link":"https:\/\/rdnews.al\/index.php\/2024\/02\/11\/berisha-rama-ne-asamble-ne-krah-kishte-mcgonigal-para-tij-ecte-ahmetaj\/","title":{"rendered":"Berisha: Rama n\u00eb asamble n\u00eb krah kishte McGonigal, para tij ecte Ahmetaj!"},"content":{"rendered":"<p>Kryetari i PD, Sali Berisha \u00ebsht\u00eb ndalur te asambleja e PS-s\u00eb dit\u00ebn e sotme, ku sipas tij Edi Rama kishte n\u00eb krah Charles McGonigal dhe para tij ecte Arben Ahmetaj. N\u00eb fjal\u00ebn e tij para protestuesve, Berisha theksoi se, akuzat e Arben Ahmetaj ndaj Edi Ram\u00ebs rezultuan 100% t\u00eb v\u00ebrteta pasi kryeministri nuk iu p\u00ebrgjigj asnj\u00eb nga pyetjeve t\u00eb gazetar\u00ebve pas 5 or\u00eb mbledhje.<\/p>\n<p>\u201cMir\u00ebmbr\u00ebma dhe p\u00ebrsh\u00ebndetjet m\u00eb vllaz\u00ebrore, mir\u00ebnjohjen m\u00eb t\u00eb pakufishme ju q\u00ebndrestar\u00ebve, misionar\u00ebve t\u00eb v\u00ebrtet\u00eb t\u00eb shpres\u00ebs, dinjitetit, liris\u00eb dhe shp\u00ebtimit t\u00eb Shqip\u00ebris\u00eb.<\/p>\n<p>Miqt\u00eb e miq!<\/p>\n<p>Ftoj qytetar\u00ebt shqiptar\u00eb kudo q\u00eb jan\u00eb t\u00eb ndalen p\u00ebr nj\u00eb moment n\u00eb dy ngjarjet politike t\u00eb dit\u00ebs.<\/p>\n<p>T\u00eb ndalen, t\u00eb hedhin syt\u00eb, t\u00eb d\u00ebgjojn\u00eb fjalimet n\u00eb rrug\u00ebn e Shpres\u00ebs, n\u00eb rrug\u00ebn e fitores, liris\u00eb.<\/p>\n<p>T\u00eb shikojn\u00eb fytyrat, entuziazmin besimplot\u00eb t\u00eb misionar\u00ebve t\u00eb rrug\u00ebs s\u00eb Shpres\u00ebs.<\/p>\n<p>Dhe pastaj t\u00eb ndjekin mesazhet e orator\u00ebve t\u00eb mrekulluesh\u00ebm nga ky parlament i fjal\u00ebs s\u00eb lir\u00eb, dhe t\u00eb kthehen n\u00eb ngjarjen e paradites.<\/p>\n<p>N\u00eb asamblen\u00eb e kalb\u00ebsir\u00ebs q\u00eb quhet Rilindje. T\u00eb ndalen p\u00ebr nj\u00eb moment hap pas hapi, t\u00eb analizojn\u00eb k\u00ebt\u00eb asamble, e cila do t\u00eb shkruhet me germat m\u00eb t\u00eb zeza n\u00eb histori si asambleja film tipike e nj\u00eb organizate kriminale.<\/p>\n<p>Edi Rama tek hynte n\u00eb asamble, n\u00eb krah kishte Charles McGonigal. Para tij ecte Arben Ahmetaj, gazetarja e pyet, e len pa goj\u00eb e len pa mend, nxihet dhe ik\u00ebn.<\/p>\n<p>Ndalni pak. Mos harroni k\u00ebt\u00eb asamble.<\/p>\n<p>Cilat qen\u00eb dy an\u00ebt e saj t\u00eb dashur qytetar\u00eb.<\/p>\n<p>P\u00ebr ju, p\u00ebr shqiptar\u00ebt, socialist\u00ebt, papartit\u00eb, asambleja ishte nj\u00eb heshtje varri, sepse Edi Rama p\u00ebrdori ndaj qytetar\u00ebve shqiptar\u00eb, kodin e omertas, kodin e mafias, sipas t\u00eb cil\u00ebs an\u00ebtar\u00ebt jan\u00eb t\u00eb betuar t\u00eb mos \u00e7elin goj\u00ebn, se p\u00ebrndryshe i pret plumbi pas veshit.<\/p>\n<p>Asgj\u00eb nuk pip\u00ebtin.<\/p>\n<p>Nuk kishte m\u00eb fjalime p\u00ebr inteligjenc\u00ebn artificiale, as p\u00ebr hidrogjenin e Bulqiz\u00ebs, apo metanin e Shpiragut.<\/p>\n<p>Jo, jo, kishte omerta, omerta, omerta.<\/p>\n<p>N\u00eb 5 or\u00eb mbledhje, qytetar\u00ebt shqiptar\u00eb m\u00ebsuan se akuzat e Arben Ahmetaj ishin 100% t\u00eb v\u00ebrteta.<\/p>\n<p>Se ajo heshtje vdek\u00ebsore, vet\u00ebm sa konfirmoi nj\u00eb p\u00ebr nj\u00eb ato akuza t\u00eb tmerrshme.<\/p>\n<p>Arben Ahmetaj n\u00eb t\u00eb v\u00ebrtet\u00eb n\u00eb intervist\u00ebn\u00a0 e tij certifikoi t\u00eb gjith\u00eb v\u00ebrtet\u00ebsin\u00eb e akuzave t\u00eb opozit\u00ebs, se Edi Rama \u00ebsht\u00eb autori kryesor i djeg\u00ebsave n\u00eb Shqip\u00ebri.<\/p>\n<p>Se Erion Veliaj \u00ebsht\u00eb pronari i djeg\u00ebsit t\u00eb Tiran\u00ebs.<\/p>\n<p>Arben Ahmetaj d\u00ebshmoi para shqiptar\u00ebve se vetingu \u00ebsht\u00eb nj\u00eb akt fund e krye politik, se drejtohet me mesazhe dhe dokumente false dhe se u b\u00eb me gjah shtrigash.<\/p>\n<p>Ai u tha shqiptar\u00ebve se kreu i ekzekutivit ka kryer veprime t\u00eb llahtarshme, ndaj dhe omerta, sepse t\u00eb llahtarshme p\u00ebr \u00e7do njeri normal jan\u00eb aktet e vrasjes, pengmarrjes, detyrimit me forc\u00ebn e arm\u00ebve p\u00ebr ti kryer nj\u00eb akt kriminal tjetrit.<\/p>\n<p>N\u00eb rastin e Ram\u00ebs, me avion privat n\u00eb dispozicion jasht\u00eb \u00e7do kontrolli, jan\u00eb dhe mund t\u00eb jen\u00eb baulet me tonelata drog\u00eb, pasi si\u00e7 thot\u00eb Ahmetaj \u00ebsht\u00eb arkitekti i kanabizimit t\u00eb Shqip\u00ebris\u00eb, ose baulet me narkoeuro, ose kontot bankare t\u00eb ofshore.<\/p>\n<p>Mos harroni se n\u00eb 2014 u akuzua\u00a0 nga OSBE-ja se ka 200 mln euro ofshore. Pra llahtari k\u00ebto mund t\u00eb jen\u00eb, ndaj dhe kodi i mafias p\u00ebr qytetar\u00ebt shqiptar\u00eb.<\/p>\n<p>Arben Ahmetaj e akuzoi Edi Ram\u00ebn se i ka k\u00ebrc\u00ebnuar n\u00eb m\u00ebnyr\u00ebn m\u00eb t\u00eb r\u00ebnd\u00eb n\u00eb kryesi, dhe m\u00eb pas jan\u00eb k\u00ebrc\u00ebnuar f\u00ebmij\u00ebt, familja. Asnj\u00eb an\u00ebtar kryesie nuk doli ta mohoj\u00eb. T\u00eb gjith\u00eb i pranuan me heshtje denoncimet e Ahmetajt. Kjo ishte asambleja p\u00ebr qytetar\u00ebt\u201d, u shpreh Berisha.<\/p>\n","protected":false},"excerpt":{"rendered":"<p>Kryetari i PD, Sali Berisha \u00ebsht\u00eb ndalur te asambleja e PS-s\u00eb dit\u00ebn e sotme, ku sipas tij Edi Rama kishte n\u00eb krah Charles McGonigal dhe para tij ecte Arben Ahmetaj. N\u00eb fjal\u00ebn e tij para protestuesve, Berisha theksoi se, akuzat e Arben Ahmetaj ndaj Edi Ram\u00ebs rezultuan 100% t\u00eb v\u00ebrteta pasi kryeministri nuk iu p\u00ebrgjigj &hellip;<\/p>\n","protected":false},"author":4,"featured_media":71100,"comment_status":"closed","ping_status":"closed","sticky":false,"template":"","format":"standard","meta":{"footnotes":""},"categories":[37],"tags":[],"class_list":["post-71121","post","type-post","status-publish","format-standard","has-post-thumbnail","","category-politike"],"_links":{"self":[{"href":"https:\/\/rdnews.al\/index.php\/wp-json\/wp\/v2\/posts\/71121","targetHints":{"allow":["GET"]}}],"collection":[{"href":"https:\/\/rdnews.al\/index.php\/wp-json\/wp\/v2\/posts"}],"about":[{"href":"https:\/\/rdnews.al\/index.php\/wp-json\/wp\/v2\/types\/post"}],"author":[{"embeddable":true,"href":"https:\/\/rdnews.al\/index.php\/wp-json\/wp\/v2\/users\/4"}],"replies":[{"embeddable":true,"href":"https:\/\/rdnews.al\/index.php\/wp-json\/wp\/v2\/comments?post=71121"}],"version-history":[{"count":0,"href":"https:\/\/rdnews.al\/index.php\/wp-json\/wp\/v2\/posts\/71121\/revisions"}],"wp:featuredmedia":[{"embeddable":true,"href":"https:\/\/rdnews.al\/index.php\/wp-json\/wp\/v2\/media\/71100"}],"wp:attachment":[{"href":"https:\/\/rdnews.al\/index.php\/wp-json\/wp\/v2\/media?parent=71121"}],"wp:term":[{"taxonomy":"category","embeddable":true,"href":"https:\/\/rdnews.al\/index.php\/wp-json\/wp\/v2\/categories?post=71121"},{"taxonomy":"post_tag","embeddable":true,"href":"https:\/\/rdnews.al\/index.php\/wp-json\/wp\/v2\/tags?post=71121"}],"curies":[{"name":"wp","href":"https:\/\/api.w.org\/{rel}","templated":true}]}}