{"id":71134,"date":"2024-02-12T09:16:30","date_gmt":"2024-02-12T09:16:30","guid":{"rendered":"https:\/\/rdnews.al\/?p=71134"},"modified":"2024-02-12T10:31:16","modified_gmt":"2024-02-12T10:31:16","slug":"bashkimi-i-pd-sot-mbledhja-e-grupit-parlamentar-ne-seline-e-pd","status":"publish","type":"post","link":"https:\/\/rdnews.al\/index.php\/2024\/02\/12\/bashkimi-i-pd-sot-mbledhja-e-grupit-parlamentar-ne-seline-e-pd\/","title":{"rendered":"Bashkimi i PD, sot mbledhja e Grupit Parlamentar n\u00eb selin\u00eb e PD"},"content":{"rendered":"<p>Mbledhja e grupit parlamentar t\u00eb PD do t\u00eb zhvillohet sot n\u00eb selin\u00eb e PD. Kreu i grupit parlamentar t\u00eb PD, Gazment Bardhi ka njoftuar se mbledhja do zhvillohet t\u00eb h\u00ebn\u00ebn n\u00eb or\u00ebn 15:00 n\u00eb selin\u00eb e PD.<\/p>\n<p><em>\u201cT\u00eb nderuar koleg\u00eb, Nes\u00ebr, e h\u00ebn\u00eb, ora 15:00, do t\u00eb zhvillojm\u00eb mbledhjen e grupit parlamentar, n\u00eb selin\u00eb q\u00ebndrore t\u00eb PD. Ju falenderoj!<\/em>\u201c, shkruan Bardhi.<\/p>\n<p>Bashkimi i PD tashm\u00eb \u00ebsht\u00eb pjes\u00eb strukturore e PD. Mbledhja e grupit parlamentar b\u00ebhet p\u00ebr t\u00eb par\u00ebn her\u00eb n\u00eb selin\u00eb e PD, nd\u00ebrsa m\u00eb par\u00eb jan\u00eb zhvilluar n\u00eb Kuvend.<\/p>\n","protected":false},"excerpt":{"rendered":"<p>Mbledhja e grupit parlamentar t\u00eb PD do t\u00eb zhvillohet sot n\u00eb selin\u00eb e PD. Kreu i grupit parlamentar t\u00eb PD, Gazment Bardhi ka njoftuar se mbledhja do zhvillohet t\u00eb h\u00ebn\u00ebn n\u00eb or\u00ebn 15:00 n\u00eb selin\u00eb e PD. \u201cT\u00eb nderuar koleg\u00eb, Nes\u00ebr, e h\u00ebn\u00eb, ora 15:00, do t\u00eb zhvillojm\u00eb mbledhjen e grupit parlamentar, n\u00eb selin\u00eb q\u00ebndrore &hellip;<\/p>\n","protected":false},"author":4,"featured_media":10219,"comment_status":"closed","ping_status":"closed","sticky":false,"template":"","format":"standard","meta":{"footnotes":""},"categories":[37],"tags":[],"class_list":["post-71134","post","type-post","status-publish","format-standard","has-post-thumbnail","","category-politike"],"_links":{"self":[{"href":"https:\/\/rdnews.al\/index.php\/wp-json\/wp\/v2\/posts\/71134","targetHints":{"allow":["GET"]}}],"collection":[{"href":"https:\/\/rdnews.al\/index.php\/wp-json\/wp\/v2\/posts"}],"about":[{"href":"https:\/\/rdnews.al\/index.php\/wp-json\/wp\/v2\/types\/post"}],"author":[{"embeddable":true,"href":"https:\/\/rdnews.al\/index.php\/wp-json\/wp\/v2\/users\/4"}],"replies":[{"embeddable":true,"href":"https:\/\/rdnews.al\/index.php\/wp-json\/wp\/v2\/comments?post=71134"}],"version-history":[{"count":0,"href":"https:\/\/rdnews.al\/index.php\/wp-json\/wp\/v2\/posts\/71134\/revisions"}],"wp:featuredmedia":[{"embeddable":true,"href":"https:\/\/rdnews.al\/index.php\/wp-json\/wp\/v2\/media\/10219"}],"wp:attachment":[{"href":"https:\/\/rdnews.al\/index.php\/wp-json\/wp\/v2\/media?parent=71134"}],"wp:term":[{"taxonomy":"category","embeddable":true,"href":"https:\/\/rdnews.al\/index.php\/wp-json\/wp\/v2\/categories?post=71134"},{"taxonomy":"post_tag","embeddable":true,"href":"https:\/\/rdnews.al\/index.php\/wp-json\/wp\/v2\/tags?post=71134"}],"curies":[{"name":"wp","href":"https:\/\/api.w.org\/{rel}","templated":true}]}}