{"id":71384,"date":"2024-02-14T18:23:29","date_gmt":"2024-02-14T18:23:29","guid":{"rendered":"https:\/\/rdnews.al\/?p=71384"},"modified":"2024-02-14T18:23:29","modified_gmt":"2024-02-14T18:23:29","slug":"berisha-ne-kishim-mik-presidentin-e-shba-edi-rama-krenohet-me-mcgonigalin","status":"publish","type":"post","link":"https:\/\/rdnews.al\/index.php\/2024\/02\/14\/berisha-ne-kishim-mik-presidentin-e-shba-edi-rama-krenohet-me-mcgonigalin\/","title":{"rendered":"Berisha: Ne kishim mik presidentin e SHBA, Edi Rama krenohet me McGonigalin!"},"content":{"rendered":"<p>Kryetari i PD, Sali\u00a0 Berisha tha para protestuesve n\u00eb Rrug\u00ebn e Shpres\u00ebs se, ne nuk jemi nj\u00eblloj! Berisha tha se, ne kishim mik presidentin e SHBA, Edi Rama krenohet me McGonigalin!<br \/>\n\u201cMiqt\u00eb e mi!<br \/>\nNuk jemi nj\u00eblloj. Ne kishim mik presidentin e SHBA.<br \/>\nEdi Rama krenohej me McGonigalin, shpallte mik McGonigalin.<br \/>\nNuk jemi nj\u00eblloj sepse ne me reforma t\u00eb thella an\u00ebtar\u00ebsonim Shqip\u00ebrin\u00eb n\u00eb NATO, Edi Rama organizonte protesta me portretin e Enver Hoxh\u00ebs kund\u00ebr an\u00ebtar\u00ebsimit n\u00eb NATO.<br \/>\nNuk jemi nj\u00eblloj kurr\u00ebn e kurr\u00ebs, pasi PD u shnd\u00ebrrua n\u00eb lokomotiv\u00eb t\u00eb v\u00ebrtet\u00eb t\u00eb proceseve integruese. Pro-europeizmi, pro-amerikanizmi i PD buron nga vokacioni per\u00ebndimor i kombit shqiptar.<br \/>\nP\u00ebr Edi Ram\u00ebn, Rilindjen e tij k\u00ebto jan\u00eb thjesht gjethe fiku p\u00ebr t\u00eb mbuluar vjedhjet e tij, p\u00ebr t\u00eb mbuluar lidhjet e tij me krimin, p\u00ebr t\u00eb mbuluar mjerimin e shqiptar\u00ebve, d\u00ebbimin e tyre nga Shqip\u00ebria.<br \/>\nNuk jemi nj\u00eblloj se ne kurr\u00eb nuk menduam ndonj\u00ebher\u00eb dhe nuk pranuam q\u00eb t\u00eb kthenim monizmin n\u00eb Shqip\u00ebri. Nuk pranuam ndonj\u00ebher\u00eb t\u00eb lobonim p\u00ebr kontrollin e opozit\u00ebs apo shkat\u00ebrrimin e saj.<br \/>\nP\u00ebrkundrazi, b\u00ebm\u00eb gjith\u00e7ka t\u00eb konsolidojm\u00eb vlerat e demokracis\u00eb. Nd\u00ebrsa Edi Rama, duke kthyer vot\u00ebn n\u00eb krim dhe krimin n\u00eb vot\u00eb, duke angazhuar parat\u00eb e krimit kund\u00ebr opozit\u00ebs, mohuar t\u00eb drejtat kushtetuese n\u00eb parlament t\u00eb opozit\u00ebs, arrestuar liderin e PD, b\u00ebn\u00eb gjith\u00e7ka p\u00ebr nj\u00eb Shqip\u00ebri pa opozit\u00eb.<br \/>\n20 shkurti \u00ebsht\u00eb dita n\u00eb t\u00eb cil\u00ebn tirani mori nd\u00ebshkimin, 20 shkurti \u00ebsht\u00eb dita n\u00eb t\u00eb cil\u00ebn Edi Rama duhet t\u00eb marr\u00eb m\u00ebsimin m\u00eb t\u00eb madh.<br \/>\nEuropa pret me padurim fjal\u00ebn tuaj, fjal\u00ebn e qytetrar\u00ebve shqiptar\u00eb.<br \/>\nMiqt\u00eb e mi, nuk jemi nj\u00eblloj sepse Edi Rama dhe fara e tij e keqe e Rilndjes, duke vjedhur, largoi shqiptar\u00ebt nga Shqip\u00ebria m\u00eb shum\u00eb se gjith\u00e7ka tjet\u00ebr.<br \/>\nKurse ne, dyfishuam rrogat, dyfishuam pensionet, b\u00ebm\u00eb gjith\u00e7ka p\u00ebr t\u00eb b\u00ebr\u00eb Shqip\u00ebrin\u00eb nj\u00eb vend t\u00eb jetuesh\u00ebm. Dhe e v\u00ebrteta \u00ebsht\u00eb se u larguam nga pushteti n\u00eb nj\u00eb koh\u00eb kur Shqip\u00ebria rritej nga viti n\u00eb vit n\u00eb popullat\u00eb.<br \/>\nN\u00eb nj\u00eb koh\u00eb kur qindra mij\u00ebra shqiptar\u00eb u kthyen nga emigracioni p\u00ebr t\u00eb nd\u00ebrtuar n\u00eb Shqip\u00ebri folen\u00eb e t\u00eb ardhmes s\u00eb tyre.<br \/>\nNuk jemi nj\u00eblloj sepse p\u00ebr ne, beteja me zero toleranc\u00eb ndaj krimit, ishte ligji i pandryshuesh\u00ebm. Nj\u00eb nga nj\u00eb bandat u shp\u00ebrb\u00ebn\u00eb, bos\u00ebt e tyre u p\u00ebrball\u00ebn me ligjin.<br \/>\nEdi Rama, i lidhur me krimin, drog\u00ebn, liroi vras\u00ebsit serial\u00eb nga burgu. I mblodhi ata ku jan\u00eb e nuk jan\u00eb, i shnd\u00ebrroi n\u00eb investitor\u00eb strategjik\u00eb.<br \/>\nDhe tani do t\u2019i v\u00ebrsul\u00eb si bisha kund\u00ebr zonave t\u00eb mbrojtura, pasurive p\u00ebrrallore t\u00eb shqiptar\u00ebve.<br \/>\nNuk jemi nj\u00eblloj sepse ne besojm\u00eb t\u00eb liria, te dinjiteti njer\u00ebzor. Besojm\u00eb te vota. Te fjala e lir\u00eb.<br \/>\nN\u00eb Rilindje, vota nuk ekziston m\u00eb. Aty ka vet\u00ebm nj\u00eb vot\u00eb, ka vet\u00ebm nj\u00eb z\u00eb, ka vet\u00ebm nj\u00eb njeri dhe ky \u00ebsht\u00eb padrinoja Edi Rama\u201d, u shpreh Berisha.<\/p>\n","protected":false},"excerpt":{"rendered":"<p>Kryetari i PD, Sali\u00a0 Berisha tha para protestuesve n\u00eb Rrug\u00ebn e Shpres\u00ebs se, ne nuk jemi nj\u00eblloj! Berisha tha se, ne kishim mik presidentin e SHBA, Edi Rama krenohet me McGonigalin! \u201cMiqt\u00eb e mi! Nuk jemi nj\u00eblloj. Ne kishim mik presidentin e SHBA. Edi Rama krenohej me McGonigalin, shpallte mik McGonigalin. Nuk jemi nj\u00eblloj sepse &hellip;<\/p>\n","protected":false},"author":4,"featured_media":70432,"comment_status":"closed","ping_status":"closed","sticky":false,"template":"","format":"standard","meta":{"footnotes":""},"categories":[37],"tags":[],"class_list":["post-71384","post","type-post","status-publish","format-standard","has-post-thumbnail","","category-politike"],"_links":{"self":[{"href":"https:\/\/rdnews.al\/index.php\/wp-json\/wp\/v2\/posts\/71384","targetHints":{"allow":["GET"]}}],"collection":[{"href":"https:\/\/rdnews.al\/index.php\/wp-json\/wp\/v2\/posts"}],"about":[{"href":"https:\/\/rdnews.al\/index.php\/wp-json\/wp\/v2\/types\/post"}],"author":[{"embeddable":true,"href":"https:\/\/rdnews.al\/index.php\/wp-json\/wp\/v2\/users\/4"}],"replies":[{"embeddable":true,"href":"https:\/\/rdnews.al\/index.php\/wp-json\/wp\/v2\/comments?post=71384"}],"version-history":[{"count":0,"href":"https:\/\/rdnews.al\/index.php\/wp-json\/wp\/v2\/posts\/71384\/revisions"}],"wp:featuredmedia":[{"embeddable":true,"href":"https:\/\/rdnews.al\/index.php\/wp-json\/wp\/v2\/media\/70432"}],"wp:attachment":[{"href":"https:\/\/rdnews.al\/index.php\/wp-json\/wp\/v2\/media?parent=71384"}],"wp:term":[{"taxonomy":"category","embeddable":true,"href":"https:\/\/rdnews.al\/index.php\/wp-json\/wp\/v2\/categories?post=71384"},{"taxonomy":"post_tag","embeddable":true,"href":"https:\/\/rdnews.al\/index.php\/wp-json\/wp\/v2\/tags?post=71384"}],"curies":[{"name":"wp","href":"https:\/\/api.w.org\/{rel}","templated":true}]}}