{"id":71386,"date":"2024-02-14T18:32:05","date_gmt":"2024-02-14T18:32:05","guid":{"rendered":"https:\/\/rdnews.al\/?p=71386"},"modified":"2024-02-14T18:32:05","modified_gmt":"2024-02-14T18:32:05","slug":"pas-52-vitesh-pune-sali-berisha-ka-nje-apartament-30-meter-katror-me-te-madh-se-ai-qe-kishte-40-vite-me-pare","status":"publish","type":"post","link":"https:\/\/rdnews.al\/index.php\/2024\/02\/14\/pas-52-vitesh-pune-sali-berisha-ka-nje-apartament-30-meter-katror-me-te-madh-se-ai-qe-kishte-40-vite-me-pare\/","title":{"rendered":"Pas 52 vitesh pun\u00eb, Sali Berisha ka nj\u00eb apartament 30 met\u00ebr katror m\u00eb t\u00eb madh se ai q\u00eb kishte 40 vite m\u00eb par\u00eb"},"content":{"rendered":"<p>Kryetari i PD, Sali Berisha tha se, nuk jemi nj\u00eblloj sepse pas 52 vitesh pun\u00eb Sali Berisha, ka nj\u00eb apartament 30 met\u00ebr katror m\u00eb t\u00eb madh se ai q\u00eb kishte 40 vite m\u00eb par\u00eb, kurse Edi Rama zhg\u00ebrryhet n\u00eb sarajet e Surrelit, 720 met\u00ebr linear themele, me nj\u00eb park oborr prej 5 mij\u00eb met\u00ebr katror.<br \/>\n\u201cNuk jemi nj\u00eblloj sepse ne besojm\u00eb se Shqip\u00ebria \u00ebsht\u00eb nj\u00eb vend me pasuri p\u00ebrrallore, t\u00eb cil\u00ebn duhet ta g\u00ebzojn\u00eb qytetar\u00ebt shqiptar\u00eb.<br \/>\nKurse Edi Rama k\u00ebrkon q\u00eb k\u00ebto pasuri t\u2019i g\u00ebzoj\u00eb me familjar\u00ebt, ministrat, bandit\u00ebt e tij.<br \/>\nMiqt\u00eb e mi, nuk jemi kurr\u00eb nj\u00eblloj.<br \/>\nSali Berish\u00ebn, me lobimin e tij korruptiv, dy vendet m\u00eb t\u00eb fuqishme e kan\u00eb shpallur non-grata, por nuk kan\u00eb treguar gjer sot nj\u00eb dokument t\u00eb vet\u00ebm t\u00eb faktoj\u00eb korrupsionin e tij.<br \/>\nT\u00eb dashur miq, me turpin e drejt\u00ebsis\u00eb s\u00eb tij, pasi d\u00ebshtoi t\u00eb paraqes\u00eb qoft\u00eb edhe nj\u00eb fakt, ka paraqitur si dokument 410 met\u00ebr katror tok\u00eb, trash\u00ebgimi e familjes t\u00eb marr\u00eb nga Abi Malltezi, nj\u00ebri prej 300 pronar\u00ebve t\u00eb asaj zone, apo nj\u00ebri nga 510 mij\u00eb pronar\u00eb q\u00eb mor\u00ebn n\u00eb 6 vite, 1 miliard e e 577 milion\u00eb met\u00ebr katror\u00eb tok\u00eb t\u00eb tyre.<br \/>\nNuk jemi nj\u00eblloj miqt\u00eb e mi, p\u00ebrkundrazi, sepse Sali Berisha pas 52 vitesh pun\u00eb, flet sot para jush, para \u00e7do shqiptari, me nj\u00eb apartament 30 met\u00ebr katror m\u00eb t\u00eb madh se at\u00eb q\u00eb kishte 40 vite m\u00eb par\u00eb.<br \/>\nKurse vjedh\u00ebsi, hajduti Edi Rama zhg\u00ebrryhet n\u00eb sarajet e Surrelit, 720 met\u00ebr linear themele, me nj\u00eb park oborr prej 5 mij\u00eb met\u00ebr katror, n\u00eb nj\u00eb koh\u00eb kur kishte deklaruar gjithsej 3800 euro dhe 400 mij\u00eb lek\u00eb kursime. T\u00eb gjitha t\u00eb tjerat vet\u00ebm vjedhje, vjedhje, vjedhje!<br \/>\nNuk jemi nj\u00eblloj sepse e t\u00ebr\u00eb pasuria e tij dhe e bashk\u00ebshortes \u00ebsht\u00eb si\u00e7 thash\u00eb, ai apartament. Kurse zonja Rama solli n\u00eb paj\u00eb pallatin 5-kat\u00ebsh t\u00eb nd\u00ebrtuar n\u00eb kund\u00ebrshtim me ligjet n\u00eb sheshin e pallateve, pa asnj\u00eb fatur\u00eb bankare, tatimore, nd\u00ebrtimore, e t\u00ebra mbi krimin.<br \/>\nNuk jemi nj\u00eblloj se pas hetimesh n\u00eb Shqip\u00ebri dhe mbar\u00eb bot\u00ebn, nuk gjet\u00ebn dot nj\u00eb qindark\u00eb, t\u00eb cil\u00ebn f\u00ebmij\u00ebt e Sali Berish\u00ebs, familjar\u00ebt e tij ta ken\u00eb fituar tendera apo prokurime apo pasuri publike. Jo dhe jo. Dhe kurr\u00eb nuk do gjejn\u00eb.<br \/>\nNd\u00ebrkoh\u00eb q\u00eb kur t\u00eb gjith\u00eb regjistrat e shtetit tregojn\u00eb se familjar\u00ebt e Edi Ram\u00ebs, se vajza e tij, se bashk\u00ebshortja e tij, se baxhanaku i tij, kan\u00eb fituar dhjet\u00ebra e dhjet\u00ebra milion\u00eb euro duke shfryt\u00ebzuar pushtetin, duke shkelur ligjet, duke shkelur Kushtetut\u00ebn.<br \/>\nNuk jemi nj\u00eblloj, ndaj dhe jemi krenar\u00eb sepse ne, n\u00eb 8 vite, nd\u00ebrtuam Rrug\u00ebn e Kombit, bashkuam Elbasanin me Tiran\u00ebn, u nd\u00ebrtua Kaskada e Devollit, u nd\u00ebrtua TAP-i, vepra monumentale q\u00eb i p\u00ebrkasin nj\u00eb shekulli.<br \/>\n\u00c7far\u00eb ka nd\u00ebrtuar, \u00e7far\u00eb ka b\u00ebr\u00eb me 11 miliard\u00eb euro? T\u00eb gjitha i ka vjedhur, i ka shp\u00ebrndar\u00eb me hajdut\u00ebt e tij\u201d, tha Berisha.<\/p>\n","protected":false},"excerpt":{"rendered":"<p>Kryetari i PD, Sali Berisha tha se, nuk jemi nj\u00eblloj sepse pas 52 vitesh pun\u00eb Sali Berisha, ka nj\u00eb apartament 30 met\u00ebr katror m\u00eb t\u00eb madh se ai q\u00eb kishte 40 vite m\u00eb par\u00eb, kurse Edi Rama zhg\u00ebrryhet n\u00eb sarajet e Surrelit, 720 met\u00ebr linear themele, me nj\u00eb park oborr prej 5 mij\u00eb met\u00ebr katror. &hellip;<\/p>\n","protected":false},"author":4,"featured_media":70590,"comment_status":"closed","ping_status":"closed","sticky":false,"template":"","format":"standard","meta":{"footnotes":""},"categories":[37],"tags":[],"class_list":["post-71386","post","type-post","status-publish","format-standard","has-post-thumbnail","","category-politike"],"_links":{"self":[{"href":"https:\/\/rdnews.al\/index.php\/wp-json\/wp\/v2\/posts\/71386","targetHints":{"allow":["GET"]}}],"collection":[{"href":"https:\/\/rdnews.al\/index.php\/wp-json\/wp\/v2\/posts"}],"about":[{"href":"https:\/\/rdnews.al\/index.php\/wp-json\/wp\/v2\/types\/post"}],"author":[{"embeddable":true,"href":"https:\/\/rdnews.al\/index.php\/wp-json\/wp\/v2\/users\/4"}],"replies":[{"embeddable":true,"href":"https:\/\/rdnews.al\/index.php\/wp-json\/wp\/v2\/comments?post=71386"}],"version-history":[{"count":0,"href":"https:\/\/rdnews.al\/index.php\/wp-json\/wp\/v2\/posts\/71386\/revisions"}],"wp:featuredmedia":[{"embeddable":true,"href":"https:\/\/rdnews.al\/index.php\/wp-json\/wp\/v2\/media\/70590"}],"wp:attachment":[{"href":"https:\/\/rdnews.al\/index.php\/wp-json\/wp\/v2\/media?parent=71386"}],"wp:term":[{"taxonomy":"category","embeddable":true,"href":"https:\/\/rdnews.al\/index.php\/wp-json\/wp\/v2\/categories?post=71386"},{"taxonomy":"post_tag","embeddable":true,"href":"https:\/\/rdnews.al\/index.php\/wp-json\/wp\/v2\/tags?post=71386"}],"curies":[{"name":"wp","href":"https:\/\/api.w.org\/{rel}","templated":true}]}}