{"id":71390,"date":"2024-02-14T20:05:34","date_gmt":"2024-02-14T20:05:34","guid":{"rendered":"https:\/\/rdnews.al\/?p=71390"},"modified":"2024-02-14T20:05:34","modified_gmt":"2024-02-14T20:05:34","slug":"bardhi-per-arrestin-e-berishes-demokratet-tregojne-forcen-e-tyre-ne-momente-te-veshtira-do-ta-tejkalojme","status":"publish","type":"post","link":"https:\/\/rdnews.al\/index.php\/2024\/02\/14\/bardhi-per-arrestin-e-berishes-demokratet-tregojne-forcen-e-tyre-ne-momente-te-veshtira-do-ta-tejkalojme\/","title":{"rendered":"Bardhi p\u00ebr arrestin e Berish\u00ebs: Demokrat\u00ebt tregojn\u00eb forc\u00ebn e tyre n\u00eb momente t\u00eb v\u00ebshtira, do ta tejkalojm\u00eb"},"content":{"rendered":"<p>Gazment Bardhi, ka pranuar se njeh Sali Berish\u00ebn si kreun e opozit\u00ebs, teksa u shpreh se kjo gj\u00eb \u00ebsht\u00eb e qart\u00eb. Ai theksoi se Berisha \u00ebsht\u00eb zgjedhur nga shumica e an\u00ebtar\u00ebve dhe kushdo duhet t\u00eb respektoj\u00eb k\u00ebt\u00eb vendim.<\/p>\n<p><em>\u201c<\/em>N\u00eb t\u00eb gjitha p\u00ebrgjigjet q\u00eb kam dh\u00ebn\u00eb gjat\u00eb k\u00ebtyre dit\u00ebve. Sa koh\u00eb e kan\u00eb zgjedhur shumica an\u00ebtar\u00ebve t\u00eb PD-s\u00eb, un\u00eb dhe cilido do t\u00eb duhet t\u00eb respektojm\u00eb k\u00ebt\u00eb vendim\u201d, tha Bardhi nga Shkodra, ku ishte n\u00eb nj\u00eb takim me demokrat\u00ebt, i shoq\u00ebruar nga deputeti Flamur Noka.<\/p>\n<p><strong>Gazment Bardhi:<\/strong>\u00a0\u201cBashkimi ka ndodhur, ka nj\u00eb pjes\u00eb t\u00eb vog\u00ebl t\u00eb demokrat\u00ebve q\u00eb ende jan\u00eb n\u00eb rrug\u00eb t\u00eb gabuar dhe gjej rastin nga Shkodra t\u2019i ftoj q\u00eb t\u2019i bashkohen PD-s\u00eb, betej\u00ebs kund\u00ebr Ram\u00ebs. Rruga e tyre p\u00ebr t\u00eb qen\u00eb p\u00ebrball\u00eb opozit\u00ebs dhe jo p\u00ebrball\u00eb Ram\u00ebs, n\u00eb gjykimin ton\u00eb \u00ebsht\u00eb rrug\u00eb e gabuar, nuk e ndihmon as Shqip\u00ebrin\u00eb dhe as demokrat\u00ebt. Do t\u00eb ket\u00eb n\u00eb shkrirje n\u00eb baz\u00eb edhe t\u00eb demokrat\u00ebve pa asnj\u00eb diskutim. Demokrat\u00ebt jan\u00eb t\u00eb bashkuar edhe n\u00eb baz\u00eb, turi jon\u00eb synon p\u00ebr t\u00eb thithur ata pak demokrat\u00eb q\u00eb ndodhen n\u00eb gjykimin ton\u00eb n\u00eb rrug\u00eb t\u00eb gabuar. Duhet t\u00eb jen\u00eb me ne p\u00ebrball\u00eb Ram\u00ebs, jo p\u00ebrball\u00eb opozit\u00ebs.Secili do t\u00eb duhet t\u00eb jet\u00eb n\u00eb PD, nuk dua ti ndaj n\u00eb grupime. Cilido q\u00eb zgjedh rrug\u00eb tjet\u00ebr, nuk \u00ebsht\u00eb pjes\u00eb e PD-s\u00eb\u201d.<\/p>\n<p><strong>Nga SHBA-t\u00eb posht\u00eb rrug\u00ebs s\u00eb Sal\u00ebs, ju ka akuzuar Basha. Keni p\u00ebrgjigje?<\/strong><\/p>\n<p><strong>Gazment Bardhi:<\/strong>\u00a0\u201cAsnj\u00eb p\u00ebrgjigje, nuk kam koh\u00eb p\u00ebr t\u00eb humbur me batuta pa vler\u00eb. Jam aty ku ndodhen demokrat\u00ebt. Kam bindjen e plot\u00eb q\u00eb PD \u00ebsht\u00eb e bashkuar, ata pak koleg\u00eb q\u00eb ende nuk jan\u00eb bashkuar, t\u00eb jen\u00eb t\u00eb sigurt\u00eb q\u00eb do kuptojn\u00eb se jan\u00eb n\u00eb rrug\u00ebn e gabuar dhe se vendi i tyre \u00ebsht\u00eb krah demokrat\u00ebve.\u201d<\/p>\n<p><strong>Gazment Bardhi:<\/strong> Askush nuk duhet t\u00eb ket\u00eb dyshim, as gjykata se ku \u00ebsht\u00eb dhe ku \u00ebsht\u00eb PD.<\/p>\n<p><strong>Kryetari i PD-s\u00eb \u00ebsht\u00eb Berisha?<\/strong><\/p>\n<p><strong>Gazment Bardhi:<\/strong>\u00a0\u201c<em>Kjo \u00ebsht\u00eb e qart\u00eb n\u00eb t\u00eb gjitha p\u00ebrgjigjet q\u00eb kam dh\u00ebn\u00eb gjat\u00eb k\u00ebtyre dit\u00ebve. Sa koh\u00eb e kan\u00eb zgjedhur shumica an\u00ebtar\u00ebve t\u00eb PD-s\u00eb, un\u00eb dhe cilido do t\u00eb duhet t\u00eb respektojm\u00eb k\u00ebt\u00eb vendim\u201d.<\/em><\/p>\n<p><strong>Ju d\u00ebmton fakti q\u00eb \u00ebsht\u00eb n\u00eb arrest sht\u00ebpie?<\/strong><\/p>\n<p><strong>Gazment Bardhi:<\/strong>\u00a0\u201c<em>Kam bindjen se demokrat\u00ebt kan\u00eb ditur t\u00eb tregojn\u00eb forc\u00ebn e tyre t\u00eb v\u00ebrtet\u00eb sa her\u00eb kan\u00eb qen\u00eb n\u00eb momente t\u00eb v\u00ebshtira. Ky \u00ebsht\u00eb nj\u00eb moment i v\u00ebshtir\u00eb por duke qen\u00eb t\u00eb gjitha bashk\u00eb, kjo na jep forc\u00eb dhe do ta tejkalojm\u00eb\u201d.<\/em><\/p>\n<p>&nbsp;<\/p>\n","protected":false},"excerpt":{"rendered":"<p>Gazment Bardhi, ka pranuar se njeh Sali Berish\u00ebn si kreun e opozit\u00ebs, teksa u shpreh se kjo gj\u00eb \u00ebsht\u00eb e qart\u00eb. Ai theksoi se Berisha \u00ebsht\u00eb zgjedhur nga shumica e an\u00ebtar\u00ebve dhe kushdo duhet t\u00eb respektoj\u00eb k\u00ebt\u00eb vendim. \u201cN\u00eb t\u00eb gjitha p\u00ebrgjigjet q\u00eb kam dh\u00ebn\u00eb gjat\u00eb k\u00ebtyre dit\u00ebve. Sa koh\u00eb e kan\u00eb zgjedhur shumica an\u00ebtar\u00ebve &hellip;<\/p>\n","protected":false},"author":3,"featured_media":71338,"comment_status":"closed","ping_status":"closed","sticky":false,"template":"","format":"standard","meta":{"footnotes":""},"categories":[37],"tags":[],"class_list":["post-71390","post","type-post","status-publish","format-standard","has-post-thumbnail","","category-politike"],"_links":{"self":[{"href":"https:\/\/rdnews.al\/index.php\/wp-json\/wp\/v2\/posts\/71390","targetHints":{"allow":["GET"]}}],"collection":[{"href":"https:\/\/rdnews.al\/index.php\/wp-json\/wp\/v2\/posts"}],"about":[{"href":"https:\/\/rdnews.al\/index.php\/wp-json\/wp\/v2\/types\/post"}],"author":[{"embeddable":true,"href":"https:\/\/rdnews.al\/index.php\/wp-json\/wp\/v2\/users\/3"}],"replies":[{"embeddable":true,"href":"https:\/\/rdnews.al\/index.php\/wp-json\/wp\/v2\/comments?post=71390"}],"version-history":[{"count":0,"href":"https:\/\/rdnews.al\/index.php\/wp-json\/wp\/v2\/posts\/71390\/revisions"}],"wp:featuredmedia":[{"embeddable":true,"href":"https:\/\/rdnews.al\/index.php\/wp-json\/wp\/v2\/media\/71338"}],"wp:attachment":[{"href":"https:\/\/rdnews.al\/index.php\/wp-json\/wp\/v2\/media?parent=71390"}],"wp:term":[{"taxonomy":"category","embeddable":true,"href":"https:\/\/rdnews.al\/index.php\/wp-json\/wp\/v2\/categories?post=71390"},{"taxonomy":"post_tag","embeddable":true,"href":"https:\/\/rdnews.al\/index.php\/wp-json\/wp\/v2\/tags?post=71390"}],"curies":[{"name":"wp","href":"https:\/\/api.w.org\/{rel}","templated":true}]}}