{"id":71453,"date":"2024-02-15T18:14:26","date_gmt":"2024-02-15T18:14:26","guid":{"rendered":"https:\/\/rdnews.al\/?p=71453"},"modified":"2024-02-15T19:27:14","modified_gmt":"2024-02-15T19:27:14","slug":"berisha-rames-dhe-veliajt-harrojini-levdatat-edhe-tahirin-e-cuat-ne-dhomen-ovale-por-do-keni-fatin-e-tij-dhe-te-mcgonigal","status":"publish","type":"post","link":"https:\/\/rdnews.al\/index.php\/2024\/02\/15\/berisha-rames-dhe-veliajt-harrojini-levdatat-edhe-tahirin-e-cuat-ne-dhomen-ovale-por-do-keni-fatin-e-tij-dhe-te-mcgonigal\/","title":{"rendered":"Berisha i kujton Ram\u00ebs paralajm\u00ebrimin q\u00eb i b\u00ebri p\u00ebr Tahirin: Nuk t\u00eb shp\u00ebton foto me Blinkenin"},"content":{"rendered":"<p>Kryetari i PD, Sali Berisha iu drejtua Ram\u00ebs dhe Veliajt t\u2019i harrojn\u00eb l\u00ebvdatat. Berisha tha se, edhe Tahirin e \u00e7uat n\u00eb Dhom\u00ebn Ovale, por do keni fatin e tij dhe t\u00eb McGonigal.<br \/>\n\u201cPor Shqip\u00ebria sot \u00ebsht\u00eb moniste, Edi Rama dhe Linda e Parlamentit preferuan t\u00eb mbajn\u00eb p\u00ebrjashtimin e deputet\u00ebve t\u00eb opozit\u00ebs, t\u00eb mos shtyjn\u00eb seanc\u00ebn dhe t\u00eb ftojn\u00eb Sekretarin e Shtetit t\u2019i adresoj\u00eb si\u00e7 ka qen\u00eb tradita q\u00eb nga viti 1991, fjal\u00ebt e tyre nga parlamenti shqiptar.<br \/>\nPra, gjith\u00e7ka u zhvillua sipas nj\u00eb skenari kryek\u00ebput monist.<br \/>\nDeputet\u00ebve t\u00eb parlamentit iu jan\u00eb mohuar t\u00eb drejtat kushtetuese.<br \/>\nKryetari i partis\u00eb m\u00eb t\u00eb madhe \u00ebsht\u00eb vendosur n\u00eb arrest sht\u00ebpie vet\u00ebm e vet\u00ebm pse ka mbrojtur interesin e kombit shqiptar, ka denoncuar me t\u00eb gjith\u00eb fuqin\u00eb e tij skandalet, vjedhjet e shekullit t\u00eb Edi Ram\u00ebs.<br \/>\nPor me k\u00ebt\u00eb rast, dua t\u00eb theksoj dy momente. S\u00eb pari \u00e7do shqiptar duhet ta dij\u00eb se nes\u00ebr p\u00ebr her\u00eb t\u00eb par\u00eb n\u00eb historin\u00eb e marr\u00ebdh\u00ebnieve shqiptaro-amerikane, n\u00eb Uashington gjykohet shefi i kund\u00ebrzbulimit t\u00eb FBI, n\u00eb nj\u00eb dosje kriminale t\u00eb p\u00ebrbashk\u00ebt me kryeministrin e Shqip\u00ebris\u00eb, Edi Rama.<br \/>\nDhe e garantoj Edi Ram\u00ebn se drejt\u00ebsia vonon, por nuk t\u00eb harron!<br \/>\nDhe mos t\u00eb qesh\u00eb buza se s\u2019ka lavd\u00ebrim, s\u2019ka l\u00ebvdat\u00eb, se nuk ka asgj\u00eb q\u00eb nuk mund t\u00eb shp\u00ebtoj\u00eb ty nga verdikti i drejt\u00ebsis\u00eb p\u00ebr aktin madhor korruptiv nd\u00ebrkomb\u00ebtar, korruptimin e McGonigalit.<br \/>\nMe k\u00ebt\u00eb rast, i them kryehajdutit t\u00eb kombit, Edi Rama dhe Erion Velias\u00eb, mos harroni se sot v\u00ebrtet lavd\u00ebroheni, nd\u00ebrkoh\u00eb q\u00eb shqiptar\u00ebt kan\u00eb absolutisht mendime krejt t\u00eb kund\u00ebrta. \u00c7do shqiptar ju di ju p\u00ebr hajdut\u00eb.<br \/>\nMir\u00ebpo kujtoni pak Saimir Tahirin, q\u00eb e \u00e7uat n\u00eb Dhom\u00ebn Ovale te Obama. Edhe at\u00ebher\u00eb ju paralajm\u00ebrova. Drejt\u00ebsia vonon, por vonon, por nuk harron.<br \/>\nJu garantoj se fati i tij u pret, se fati i McGonigalit ju pret!<br \/>\nNatyrisht hetimet me grupin e strukturuar kriminal n\u00eb Skapin e partis\u00eb jan\u00eb t\u00eb pashpres\u00eb\u201d, tha Berisha.<\/p>\n","protected":false},"excerpt":{"rendered":"<p>Kryetari i PD, Sali Berisha iu drejtua Ram\u00ebs dhe Veliajt t\u2019i harrojn\u00eb l\u00ebvdatat. Berisha tha se, edhe Tahirin e \u00e7uat n\u00eb Dhom\u00ebn Ovale, por do keni fatin e tij dhe t\u00eb McGonigal. \u201cPor Shqip\u00ebria sot \u00ebsht\u00eb moniste, Edi Rama dhe Linda e Parlamentit preferuan t\u00eb mbajn\u00eb p\u00ebrjashtimin e deputet\u00ebve t\u00eb opozit\u00ebs, t\u00eb mos shtyjn\u00eb seanc\u00ebn &hellip;<\/p>\n","protected":false},"author":4,"featured_media":71475,"comment_status":"closed","ping_status":"closed","sticky":false,"template":"","format":"standard","meta":{"footnotes":""},"categories":[37],"tags":[],"class_list":["post-71453","post","type-post","status-publish","format-standard","has-post-thumbnail","","category-politike"],"_links":{"self":[{"href":"https:\/\/rdnews.al\/index.php\/wp-json\/wp\/v2\/posts\/71453","targetHints":{"allow":["GET"]}}],"collection":[{"href":"https:\/\/rdnews.al\/index.php\/wp-json\/wp\/v2\/posts"}],"about":[{"href":"https:\/\/rdnews.al\/index.php\/wp-json\/wp\/v2\/types\/post"}],"author":[{"embeddable":true,"href":"https:\/\/rdnews.al\/index.php\/wp-json\/wp\/v2\/users\/4"}],"replies":[{"embeddable":true,"href":"https:\/\/rdnews.al\/index.php\/wp-json\/wp\/v2\/comments?post=71453"}],"version-history":[{"count":0,"href":"https:\/\/rdnews.al\/index.php\/wp-json\/wp\/v2\/posts\/71453\/revisions"}],"wp:featuredmedia":[{"embeddable":true,"href":"https:\/\/rdnews.al\/index.php\/wp-json\/wp\/v2\/media\/71475"}],"wp:attachment":[{"href":"https:\/\/rdnews.al\/index.php\/wp-json\/wp\/v2\/media?parent=71453"}],"wp:term":[{"taxonomy":"category","embeddable":true,"href":"https:\/\/rdnews.al\/index.php\/wp-json\/wp\/v2\/categories?post=71453"},{"taxonomy":"post_tag","embeddable":true,"href":"https:\/\/rdnews.al\/index.php\/wp-json\/wp\/v2\/tags?post=71453"}],"curies":[{"name":"wp","href":"https:\/\/api.w.org\/{rel}","templated":true}]}}