{"id":71547,"date":"2024-02-16T12:27:58","date_gmt":"2024-02-16T12:27:58","guid":{"rendered":"https:\/\/rdnews.al\/?p=71547"},"modified":"2024-02-16T12:33:47","modified_gmt":"2024-02-16T12:33:47","slug":"vdekja-ne-burg-e-lideri-i-opozites-ruse-alexei-navalnyy-be-pergjegjes-regjimi-rus","status":"publish","type":"post","link":"https:\/\/rdnews.al\/index.php\/2024\/02\/16\/vdekja-ne-burg-e-lideri-i-opozites-ruse-alexei-navalnyy-be-pergjegjes-regjimi-rus\/","title":{"rendered":"Vdekja n\u00eb burg e liderit t\u00eb opozit\u00ebs ruse, BE: P\u00ebrgjegj\u00ebs, regjimi i Putinit!"},"content":{"rendered":"<p>Lideri i opozit\u00ebs ruse dhe nj\u00eb kritik i presidentit Vladimir Putin, Alexei Navalny ka nd\u00ebrruar jet\u00eb, sipas zyrtar\u00ebve t\u00eb burgut.<\/p>\n<p>Bashkimi Europian ka reaguar n\u00eb lidhje me vdekjen e udh\u00ebheq\u00ebsit t\u00eb opozit\u00ebs ruse Alexei Navalny, i cili nd\u00ebrroi jet\u00eb k\u00ebt\u00eb t\u00eb premte n\u00eb ambientet e burgut, ku ishte transferuar n\u00eb Siberi.<\/p>\n<p>N\u00eb lidhje me lajmin ka reaguar dhe Presidenti i K\u00ebshillit Evropian, Charles Michel, i cili b\u00ebn fajtor p\u00ebr vdekjen regjimin e presidentit Vladimir Putin. N\u00eb nj\u00eb reagim n\u00eb \u2018Facebook\u2019, Michel i shpreh ngush\u00ebllimet familjar\u00ebve dhe n\u00ebnvizon se luft\u00ebtar\u00ebt vdesin, por lufta p\u00ebr liri nuk mbaron kurr\u00eb.<\/p>\n<p>\u201cAlexei Navalny luftoi p\u00ebr vlerat e liris\u00eb dhe demokracis\u00eb. P\u00ebr idealet e tij, ai b\u00ebri sakrific\u00ebn e fundit. BE-ja e konsideron regjimin rus si p\u00ebrgjegj\u00ebs t\u00eb vet\u00ebm p\u00ebr k\u00ebt\u00eb vdekje tragjike. I shpreh ngush\u00ebllimet m\u00eb t\u00eb thella familjes s\u00eb tij. Dhe atyre q\u00eb luftojn\u00eb p\u00ebr demokraci n\u00eb mbar\u00eb bot\u00ebn n\u00eb kushtet m\u00eb t\u00eb err\u00ebta. Luft\u00ebtar\u00ebt vdesin. Por lufta p\u00ebr liri nuk mbaron kurr\u00eb\u201d, shkroi n\u00eb \u201cX\u201d Michel.<\/p>\n","protected":false},"excerpt":{"rendered":"<p>Lideri i opozit\u00ebs ruse dhe nj\u00eb kritik i presidentit Vladimir Putin, Alexei Navalny ka nd\u00ebrruar jet\u00eb, sipas zyrtar\u00ebve t\u00eb burgut. Bashkimi Europian ka reaguar n\u00eb lidhje me vdekjen e udh\u00ebheq\u00ebsit t\u00eb opozit\u00ebs ruse Alexei Navalny, i cili nd\u00ebrroi jet\u00eb k\u00ebt\u00eb t\u00eb premte n\u00eb ambientet e burgut, ku ishte transferuar n\u00eb Siberi. N\u00eb lidhje me lajmin &hellip;<\/p>\n","protected":false},"author":4,"featured_media":71548,"comment_status":"closed","ping_status":"closed","sticky":false,"template":"","format":"standard","meta":{"footnotes":""},"categories":[38],"tags":[],"class_list":["post-71547","post","type-post","status-publish","format-standard","has-post-thumbnail","","category-bota"],"_links":{"self":[{"href":"https:\/\/rdnews.al\/index.php\/wp-json\/wp\/v2\/posts\/71547","targetHints":{"allow":["GET"]}}],"collection":[{"href":"https:\/\/rdnews.al\/index.php\/wp-json\/wp\/v2\/posts"}],"about":[{"href":"https:\/\/rdnews.al\/index.php\/wp-json\/wp\/v2\/types\/post"}],"author":[{"embeddable":true,"href":"https:\/\/rdnews.al\/index.php\/wp-json\/wp\/v2\/users\/4"}],"replies":[{"embeddable":true,"href":"https:\/\/rdnews.al\/index.php\/wp-json\/wp\/v2\/comments?post=71547"}],"version-history":[{"count":0,"href":"https:\/\/rdnews.al\/index.php\/wp-json\/wp\/v2\/posts\/71547\/revisions"}],"wp:featuredmedia":[{"embeddable":true,"href":"https:\/\/rdnews.al\/index.php\/wp-json\/wp\/v2\/media\/71548"}],"wp:attachment":[{"href":"https:\/\/rdnews.al\/index.php\/wp-json\/wp\/v2\/media?parent=71547"}],"wp:term":[{"taxonomy":"category","embeddable":true,"href":"https:\/\/rdnews.al\/index.php\/wp-json\/wp\/v2\/categories?post=71547"},{"taxonomy":"post_tag","embeddable":true,"href":"https:\/\/rdnews.al\/index.php\/wp-json\/wp\/v2\/tags?post=71547"}],"curies":[{"name":"wp","href":"https:\/\/api.w.org\/{rel}","templated":true}]}}