{"id":71627,"date":"2024-02-17T17:55:41","date_gmt":"2024-02-17T17:55:41","guid":{"rendered":"https:\/\/rdnews.al\/?p=71627"},"modified":"2024-02-17T17:55:41","modified_gmt":"2024-02-17T17:55:41","slug":"berisha-mirenjohje-arkitektit-te-pavaresise-se-kosoves-gandit-te-ballkanit-dhe-europes-ibrahim-rugova","status":"publish","type":"post","link":"https:\/\/rdnews.al\/index.php\/2024\/02\/17\/berisha-mirenjohje-arkitektit-te-pavaresise-se-kosoves-gandit-te-ballkanit-dhe-europes-ibrahim-rugova\/","title":{"rendered":"Berisha: Mir\u00ebnjohje arkitektit t\u00eb pavar\u00ebsis\u00eb s\u00eb Kosov\u00ebs, Gandit t\u00eb Ballkanit dhe Europ\u00ebs, Ibrahim Rugova!"},"content":{"rendered":"<p>Kryetari i PD, Sali Berisha tha gajt\u00eb fjal\u00ebs s\u00eb tij para qytetar\u00ebve q\u00eb tubojn\u00eb posht\u00eb banes\u00ebs s\u00eb tij se, le t\u00eb shprehim sot ne krenarin\u00eb e madhe, mir\u00ebnjohjen e pakufishme ndaj arkitektit t\u00eb pavar\u00ebsis\u00eb s\u00eb Kosov\u00ebs, burrit mendjendritur t\u00eb kombit, Gandit t\u00eb Ballkanit dhe Europ\u00ebs, presidentit Ibrahim Rugova.<br \/>\n\u201cMir\u00ebmbr\u00ebma dhe p\u00ebrsh\u00ebndetjet m\u00eb t\u00eb zjarrta, mir\u00ebnjohjen m\u00eb t\u00eb pakufishme p\u00ebr ju, misionar\u00ebt e v\u00ebrtet\u00eb t\u00eb dinjitetit, t\u00eb shpres\u00ebs, t\u00eb betej\u00ebs pa kthim p\u00ebr fitoren e Shqip\u00ebris\u00eb dhe shqiptar\u00ebve.<br \/>\nT\u00eb dashur miq, sot n\u00eb historin\u00eb e kombit \u00ebsht\u00eb nj\u00eb nga dit\u00ebt m\u00eb t\u00eb m\u00ebdha, \u00ebsht\u00eb dita e pavar\u00ebsis\u00eb s\u00eb Kosov\u00ebs.<br \/>\n\u00cbsht\u00eb dita, e cila b\u00ebri t\u00eb lir\u00eb pas shekuj e shekujsh kombin shqiptar.<br \/>\nNe jemi komb me dy dit\u00eblindje lirie.<br \/>\nNe jemi komb me dy data pavar\u00ebsie.<br \/>\n28 n\u00ebntori i 1912-\u00ebs, pavar\u00ebsia e Shqip\u00ebris\u00eb, pa t\u00eb cil\u00ebn nuk do kishte shtet shqiptar, nuk do kishte Kosov\u00eb t\u00eb pavarur.<br \/>\nP\u00ebrve\u00e7 k\u00ebsaj, ne kemi 17 shkurtin e vitit 2008, dit\u00eblindjen tjet\u00ebr t\u00eb liris\u00eb komb\u00ebtare, pavar\u00ebsin\u00eb e Kosov\u00ebs, pa t\u00eb cil\u00ebn shqiptar\u00ebt nuk do t\u00eb ishin nj\u00eb komb i lir\u00eb, nuk do g\u00ebzonin liri komb\u00ebtare.<br \/>\nNdaj dhe sot le t\u00eb shprehim ne krenarin\u00eb e madhe, mir\u00ebnjohjen e pakufishme ndaj arkitektit t\u00eb pavar\u00ebsis\u00eb s\u00eb Kosov\u00ebs, burrit mendjendritur t\u00eb kombit, Gandit t\u00eb Ballkanit dhe Europ\u00ebs, presidentit Ibrahim Rugova.<br \/>\nLe t\u00eb shprehim ne nderimin m\u00eb t\u00eb madh ndaj komandantit legjendar, Adem Jashari. Luft\u00ebtar\u00ebve t\u00eb liris\u00eb t\u00eb U\u00c7K, q\u00eb me guximin epik, b\u00ebn\u00eb luft\u00ebn m\u00eb t\u00eb ndritur n\u00eb historin\u00eb e shqiptar\u00ebve p\u00ebr liri dhe dinjitet nga koh\u00ebrat e Sk\u00ebnderbeut.<br \/>\nMir\u00ebnjohje t\u00eb pakufishme Aleanc\u00ebs s\u00eb Atlantikut t\u00eb Veriut, partner\u00ebve tan\u00eb, presidentit Bill Klindon dhe Xhorxh Bush, p\u00ebr rolin e tyre p\u00ebrcaktues n\u00eb pavar\u00ebsin\u00eb e Kosov\u00ebs.<br \/>\nPor miqt\u00eb e mi, nj\u00eb ndjenj\u00eb krenarie ka sot \u00e7do demokrat, sepse kjo parti u themelua n\u00eb dhjetor t\u00eb vitit 1990, si parti q\u00eb shpalli yll polar, \u00e7\u00ebshtjen komb\u00ebtare.<br \/>\nShpalli yll polar \u00e7\u00ebshtjen komb\u00ebtare, t\u00eb tradhtuar p\u00ebr 50 vite nga Partia Komuniste shqiptare, seksion i Partis\u00eb Komuniste jugosllave.<br \/>\nShpalli yll polar \u00e7\u00ebshtjen komb\u00ebtare, n\u00eb nj\u00eb koh\u00eb kur shqiptar\u00ebt n\u00eb vendet p\u00ebrreth mbijetonin si qeniet m\u00eb t\u00eb shtypura n\u00eb Europ\u00eb.<br \/>\nPor ne nuk mund t\u00eb ishim parti e v\u00ebrtet\u00eb e shqiptar\u00ebve, n\u00eb qoft\u00eb se nuk shpallnim kauz\u00ebn e drejt\u00eb p\u00ebr liri dhe dinjitet t\u00eb shqiptar\u00ebve si kauz\u00eb kryesore t\u00eb programit ton\u00eb.<br \/>\nMiqt\u00eb e mi, forca e vetme ishin idealet tona. Forca e vetme n\u00eb at\u00eb koh\u00eb ishte besimi te t\u00eb v\u00ebrtetat shqiptare.<br \/>\nPD u shnd\u00ebrrua n\u00eb mb\u00ebshtetje kryesore t\u00eb Lidhjes Demokratike t\u00eb Kosov\u00ebs. Me ardhjen e saj n\u00eb pushtet, Shqip\u00ebria u shnd\u00ebrrua n\u00eb promotor kryesor t\u00eb \u00e7\u00ebshtjes s\u00eb shqiptar\u00ebve n\u00eb Kosov\u00eb, Maqedoni, Mal t\u00eb Zi dhe kudo.<br \/>\nQeveria e Kosov\u00ebs, pushteti paralel i saj, presidenti Ibrahim Rugova por edhe aradhet q\u00eb nis\u00ebn luft\u00ebn \u00e7lirimtare, Adem Jashari dhe luft\u00ebtar\u00ebt e tjer\u00eb t\u00eb liris\u00eb, pat\u00ebn Shqip\u00ebrin\u00eb mb\u00ebshtetjen m\u00eb kryesore t\u00eb tyre\u201d, u shpreh Berisha.<\/p>\n","protected":false},"excerpt":{"rendered":"<p>Kryetari i PD, Sali Berisha tha gajt\u00eb fjal\u00ebs s\u00eb tij para qytetar\u00ebve q\u00eb tubojn\u00eb posht\u00eb banes\u00ebs s\u00eb tij se, le t\u00eb shprehim sot ne krenarin\u00eb e madhe, mir\u00ebnjohjen e pakufishme ndaj arkitektit t\u00eb pavar\u00ebsis\u00eb s\u00eb Kosov\u00ebs, burrit mendjendritur t\u00eb kombit, Gandit t\u00eb Ballkanit dhe Europ\u00ebs, presidentit Ibrahim Rugova. \u201cMir\u00ebmbr\u00ebma dhe p\u00ebrsh\u00ebndetjet m\u00eb t\u00eb zjarrta, mir\u00ebnjohjen &hellip;<\/p>\n","protected":false},"author":4,"featured_media":71100,"comment_status":"closed","ping_status":"closed","sticky":false,"template":"","format":"standard","meta":{"footnotes":""},"categories":[37],"tags":[],"class_list":["post-71627","post","type-post","status-publish","format-standard","has-post-thumbnail","","category-politike"],"_links":{"self":[{"href":"https:\/\/rdnews.al\/index.php\/wp-json\/wp\/v2\/posts\/71627","targetHints":{"allow":["GET"]}}],"collection":[{"href":"https:\/\/rdnews.al\/index.php\/wp-json\/wp\/v2\/posts"}],"about":[{"href":"https:\/\/rdnews.al\/index.php\/wp-json\/wp\/v2\/types\/post"}],"author":[{"embeddable":true,"href":"https:\/\/rdnews.al\/index.php\/wp-json\/wp\/v2\/users\/4"}],"replies":[{"embeddable":true,"href":"https:\/\/rdnews.al\/index.php\/wp-json\/wp\/v2\/comments?post=71627"}],"version-history":[{"count":0,"href":"https:\/\/rdnews.al\/index.php\/wp-json\/wp\/v2\/posts\/71627\/revisions"}],"wp:featuredmedia":[{"embeddable":true,"href":"https:\/\/rdnews.al\/index.php\/wp-json\/wp\/v2\/media\/71100"}],"wp:attachment":[{"href":"https:\/\/rdnews.al\/index.php\/wp-json\/wp\/v2\/media?parent=71627"}],"wp:term":[{"taxonomy":"category","embeddable":true,"href":"https:\/\/rdnews.al\/index.php\/wp-json\/wp\/v2\/categories?post=71627"},{"taxonomy":"post_tag","embeddable":true,"href":"https:\/\/rdnews.al\/index.php\/wp-json\/wp\/v2\/tags?post=71627"}],"curies":[{"name":"wp","href":"https:\/\/api.w.org\/{rel}","templated":true}]}}