{"id":71754,"date":"2024-02-19T17:17:03","date_gmt":"2024-02-19T17:17:03","guid":{"rendered":"https:\/\/rdnews.al\/?p=71754"},"modified":"2024-02-19T17:17:03","modified_gmt":"2024-02-19T17:17:03","slug":"ivi-kaso-anetaret-kpk-se-kerkojne-shperblimin-per-spastrimin-politik-qe-i-kane-bere-sistemit-te-drejtesise","status":"publish","type":"post","link":"https:\/\/rdnews.al\/index.php\/2024\/02\/19\/ivi-kaso-anetaret-kpk-se-kerkojne-shperblimin-per-spastrimin-politik-qe-i-kane-bere-sistemit-te-drejtesise\/","title":{"rendered":"Ivi Kaso: An\u00ebtar\u00ebt KPK-s\u00eb k\u00ebrkojn\u00eb shp\u00ebrblimin p\u00ebr spastrimin politik q\u00eb i kan\u00eb b\u00ebr\u00eb sistemit t\u00eb drejt\u00ebsis\u00eb"},"content":{"rendered":"<p><strong>DEKALRATA E AN\u00cbTARIT T\u00cb KRYESIS\u00cb S\u00cb PD, IVI KASO:<\/strong><\/p>\n<p>An\u00ebtar\u00ebt e KPK -Komisionit t\u00eb Pavarur t\u00eb Kualifikimit \u2013 9 muaj para mbarimit t\u00eb mandatit i k\u00ebrkojn\u00eb qeveris\u00eb q\u00eb ti sajdis\u00eb n\u00eb pun\u00eb t\u00eb mira. D\u00ebshmojn\u00eb k\u00ebshtu se nuk ka r\u00ebnd\u00ebsi detyra, por karrigia. D\u00ebshmojn\u00eb se, p\u00ebr t\u00eb mbajtur karrigen, p\u00ebr t\u00eb z\u00ebn\u00eb nj\u00eb tjet\u00ebr vend p\u00ebllumbash n\u00eb sistem ata jan\u00eb gati t\u2019i dor\u00ebzohen padronit n\u00eb qeveri, duke shkelmuar \u00e7do parim pavar\u00ebsie si\u00e7 lajm\u00ebron targa e tyre e Komisionit t\u00eb Pavarur t\u00eb Kualifikimit.<\/p>\n<p>N\u00eb nj\u00eb k\u00ebrkes\u00eb drejtuar Edi Ram\u00ebs, Lindita Nikoll\u00ebs, Ulsi Manj\u00ebs, dhe ambasadave t\u00eb ShBA dhe BE, an\u00ebtar\u00ebt e KPK k\u00ebrkojn\u00eb q\u00eb, meq\u00eb po u afron fundi i mandatit, t\u00eb sistemohen si gjyqtar\u00eb.<\/p>\n<p>K\u00ebrkojn\u00eb pra, q\u00eb tu kthehet favori q\u00eb i kan\u00eb b\u00ebr\u00eb pushtetit duke skualifikuar t\u00eb padashurit dhe kualifikuar kandidat\u00ebt e preferuar t\u00eb qeveris\u00eb.<\/p>\n<p>Kjo \u00ebsht\u00eb nj\u00eb shkelje flagrante dhe e turpshme e parimit t\u00eb pavar\u00ebsis\u00eb dhe t\u00eb ndarjes s\u00eb pushteteve n\u00eb republik\u00ebn e Shqip\u00ebris\u00eb.<\/p>\n<p>Partia Demokratike e d\u00ebnon me forc\u00eb k\u00ebt\u00eb fars\u00eb dhe u k\u00ebrkon ambasadave t\u00eb Shteteve t\u00eb Bashkuara t\u00eb Amerik\u00ebs dhe t\u00eb Bashkimit Europian q\u00eb ta refuzojn\u00eb dhe t\u00eb distancohen nga ky shtremb\u00ebrim i parimeve t\u00eb shtet b\u00ebrjes dhe drejt\u00ebsis\u00eb.<\/p>\n<p>Edi Rama, Lindita Nikolla dhe Ulsi Manja do t\u00eb b\u00ebjn\u00eb at\u00eb q\u00eb kan\u00eb b\u00ebr\u00eb prej nj\u00eb dekade me institucionet e drejt\u00ebsis\u00eb, por p\u00ebrfaq\u00ebsuesit e aleat\u00ebve t\u00eb Shqip\u00ebris\u00eb nuk mund t\u2019ia lejojn\u00eb vetes k\u00ebt\u00eb turp\u00ebrim publik.<\/p>\n<p>Synimi i k\u00ebrkes\u00ebs \u00ebsht\u00eb i qart\u00eb: na siguroni jet\u00ebgjat\u00ebsin\u00eb n\u00eb sistem dhe ne do t\u2019ju sh\u00ebrbejm\u00eb si\u00e7 edhe e kemi b\u00ebr\u00eb.<\/p>\n<p>Nuk duhet shum\u00eb mund p\u00ebr t\u00eb kuptuar se, n\u00eb favor t\u00eb kujt do t\u00eb jen\u00eb vendimet e k\u00ebtyre gjyqtar\u00ebve nes\u00ebr, n\u00ebse Edi Rama, Ulsi Manja dhe Lindita Nikolla do t\u00eb jen\u00eb pal\u00eb. Ata do ti sh\u00ebrbejn\u00eb dor\u00ebs q\u00eb i daroviti, por jo drejt\u00ebsis\u00eb, jo Republik\u00ebs s\u00eb Shqip\u00ebris\u00eb, jo interesit publik.<\/p>\n<p>Konflikti i par\u00eb i interesit \u00ebsht\u00eb se an\u00ebtar\u00ebt e KPK k\u00ebrkojn\u00eb t\u00eb mbushin pik\u00ebrisht ato vende n\u00eb sistem q\u00eb vet\u00eb i kan\u00eb zbrazur, duke skualifikuar gjyqtar\u00eb e prokuror\u00eb t\u00eb tjer\u00eb.<\/p>\n<p>Kjo i b\u00ebn t\u00eb dyshimta vendimet e tyre.<\/p>\n<p>S\u00eb dyti ata k\u00ebrkojn\u00eb vende n\u00eb sistem edhe p\u00ebr ndihm\u00ebsit e tyre, duke e kthyer n\u00eb oligarki sistemin e drejt\u00ebsis\u00eb. Sipas k\u00ebrkes\u00ebs q\u00eb i drejtojn\u00eb qeveris\u00eb, ata duan q\u00eb k\u00ebshilltar\u00ebt n\u00eb KPK, t\u00eb futen n\u00eb shkoll\u00ebn e Magjistratur\u00ebs pa konkurs, pra t\u00eb b\u00ebhen gjyqtar\u00eb dhe prokuror\u00eb, ose t\u00eb b\u00ebhen hetues t\u00eb BKH apo zyrtar\u00eb n\u00eb institucione t\u00eb tjera t\u00eb drejt\u00ebsis\u00eb s\u00eb re.<\/p>\n<p>Me pak fjal\u00eb, ata k\u00ebrkojn\u00eb shp\u00ebrblimin p\u00ebr spastrimin politik q\u00eb i kan\u00eb b\u00ebr\u00eb sistemit t\u00eb drejt\u00ebsis\u00eb.<\/p>\n<p>Kjo do t\u00eb thot\u00eb q\u00eb gjith\u00eb infrastruktura e drejt\u00ebsis\u00eb s\u00eb re t\u00eb jet\u00eb n\u00eb dor\u00eb t\u00eb Partis\u00eb Socialiste.<\/p>\n<p>Nuk mund t\u00eb ndodh\u00eb ndryshe kur em\u00ebrimet n\u00eb drejt\u00ebsi i b\u00ebn Edi Rama, Ulsi Manja dhe Lindita Nikolla.<\/p>\n<p>Partia Demokratike e ka p\u00ebrs\u00ebritur k\u00ebt\u00eb alarm prej vitesh. Kjo \u00ebsht\u00eb nj\u00eb nga provat e shumta se provat tona kan\u00eb qen\u00eb t\u00eb pakund\u00ebrshtueshme.<\/p>\n<p>Kjo \u00ebsht\u00eb prova se me Edi Ram\u00ebn nuk ka drejt\u00ebsi t\u00eb pavarur, por drejt\u00ebsi t\u00eb kapur.<\/p>\n<p>Kund\u00ebr k\u00ebsaj drejt\u00ebsie q\u00eb d\u00ebnon popullin dhe favorizon patronazhist\u00ebt t\u00eb ngrihemi nes\u00ebr.<\/p>\n<p>O sot, o kurr\u00eb!<\/p>\n","protected":false},"excerpt":{"rendered":"<p>DEKALRATA E AN\u00cbTARIT T\u00cb KRYESIS\u00cb S\u00cb PD, IVI KASO: An\u00ebtar\u00ebt e KPK -Komisionit t\u00eb Pavarur t\u00eb Kualifikimit \u2013 9 muaj para mbarimit t\u00eb mandatit i k\u00ebrkojn\u00eb qeveris\u00eb q\u00eb ti sajdis\u00eb n\u00eb pun\u00eb t\u00eb mira. D\u00ebshmojn\u00eb k\u00ebshtu se nuk ka r\u00ebnd\u00ebsi detyra, por karrigia. D\u00ebshmojn\u00eb se, p\u00ebr t\u00eb mbajtur karrigen, p\u00ebr t\u00eb z\u00ebn\u00eb nj\u00eb tjet\u00ebr vend &hellip;<\/p>\n","protected":false},"author":4,"featured_media":71755,"comment_status":"closed","ping_status":"closed","sticky":false,"template":"","format":"standard","meta":{"footnotes":""},"categories":[37],"tags":[],"class_list":["post-71754","post","type-post","status-publish","format-standard","has-post-thumbnail","","category-politike"],"_links":{"self":[{"href":"https:\/\/rdnews.al\/index.php\/wp-json\/wp\/v2\/posts\/71754","targetHints":{"allow":["GET"]}}],"collection":[{"href":"https:\/\/rdnews.al\/index.php\/wp-json\/wp\/v2\/posts"}],"about":[{"href":"https:\/\/rdnews.al\/index.php\/wp-json\/wp\/v2\/types\/post"}],"author":[{"embeddable":true,"href":"https:\/\/rdnews.al\/index.php\/wp-json\/wp\/v2\/users\/4"}],"replies":[{"embeddable":true,"href":"https:\/\/rdnews.al\/index.php\/wp-json\/wp\/v2\/comments?post=71754"}],"version-history":[{"count":0,"href":"https:\/\/rdnews.al\/index.php\/wp-json\/wp\/v2\/posts\/71754\/revisions"}],"wp:featuredmedia":[{"embeddable":true,"href":"https:\/\/rdnews.al\/index.php\/wp-json\/wp\/v2\/media\/71755"}],"wp:attachment":[{"href":"https:\/\/rdnews.al\/index.php\/wp-json\/wp\/v2\/media?parent=71754"}],"wp:term":[{"taxonomy":"category","embeddable":true,"href":"https:\/\/rdnews.al\/index.php\/wp-json\/wp\/v2\/categories?post=71754"},{"taxonomy":"post_tag","embeddable":true,"href":"https:\/\/rdnews.al\/index.php\/wp-json\/wp\/v2\/tags?post=71754"}],"curies":[{"name":"wp","href":"https:\/\/api.w.org\/{rel}","templated":true}]}}