{"id":71771,"date":"2024-02-19T18:07:10","date_gmt":"2024-02-19T18:07:10","guid":{"rendered":"https:\/\/rdnews.al\/?p=71771"},"modified":"2024-02-19T18:08:06","modified_gmt":"2024-02-19T18:08:06","slug":"dava-marku-thirrje-mesuesve-ejani-neser-ne-sheshin-e-njerezve-te-lire","status":"publish","type":"post","link":"https:\/\/rdnews.al\/index.php\/2024\/02\/19\/dava-marku-thirrje-mesuesve-ejani-neser-ne-sheshin-e-njerezve-te-lire\/","title":{"rendered":"Dava Marku thirrje m\u00ebsuesve: Ejani nes\u00ebr n\u00eb sheshin e njer\u00ebzve t\u00eb lir\u00eb!"},"content":{"rendered":"<p>Dava Marku qytetare e pranishm\u00eb sot n\u00eb tubimin posht\u00eb sht\u00ebpis\u00eb s\u00eb liderit demokrat Sali Berisha ju b\u00ebri thirrje m\u00ebsuesve t\u00eb marrin pjes\u00eb n\u00eb protest\u00ebn e thirru nes\u00ebr nga opozita.<\/p>\n<p>\u201cSot jam z\u00ebri i \u00e7do m\u00ebsuesi t\u00eb vendit tim, jam z\u00ebri i \u00e7do f\u00ebmije t\u00eb vendit tim, jam z\u00ebri i \u00e7do prindi, e studenti t\u00eb vendit tim, i cili ka nj\u00eb\u00a0arsim q\u00eb l\u00ebngon.<\/p>\n<p>E t\u00eb dashur miq un\u00eb do ju drejtohem m\u00eb z\u00ebrin e\u00a0lart\u00eb me forc\u00ebn e qenies time.<\/p>\n<p>M\u00ebsues t\u00eb dashur, nes\u00ebr me 20 shkurt t\u00eb jeni n\u00eb shesh, jo kok\u00ebulur por kok\u00eb lart\u00eb, ejani mos kini frik\u00eb q\u00eb pasnes\u00ebr do ikni nga puna.<\/p>\n<p>Jo, t\u00eb dashur miq, prind\u00ebr, f\u00ebmij\u00eb e student\u00eb, ejani nes\u00ebr me 20 shkurt n\u00eb sheshin e njer\u00ebzve t\u00eb lir\u00eb, n\u00eb sheshin e\u00a0burrave dhe grave t\u00eb forta, n\u00eb sheshin e njer\u00ebzve q\u00eb reagojn\u00eb, n\u00eb sheshin e njer\u00ebzve q\u00eb nuk heshtin por reflektojn\u00eb\u201d, tha ajo.<\/p>\n","protected":false},"excerpt":{"rendered":"<p>Dava Marku qytetare e pranishm\u00eb sot n\u00eb tubimin posht\u00eb sht\u00ebpis\u00eb s\u00eb liderit demokrat Sali Berisha ju b\u00ebri thirrje m\u00ebsuesve t\u00eb marrin pjes\u00eb n\u00eb protest\u00ebn e thirru nes\u00ebr nga opozita. \u201cSot jam z\u00ebri i \u00e7do m\u00ebsuesi t\u00eb vendit tim, jam z\u00ebri i \u00e7do f\u00ebmije t\u00eb vendit tim, jam z\u00ebri i \u00e7do prindi, e studenti t\u00eb vendit &hellip;<\/p>\n","protected":false},"author":4,"featured_media":71772,"comment_status":"closed","ping_status":"closed","sticky":false,"template":"","format":"standard","meta":{"footnotes":""},"categories":[37],"tags":[],"class_list":["post-71771","post","type-post","status-publish","format-standard","has-post-thumbnail","","category-politike"],"_links":{"self":[{"href":"https:\/\/rdnews.al\/index.php\/wp-json\/wp\/v2\/posts\/71771","targetHints":{"allow":["GET"]}}],"collection":[{"href":"https:\/\/rdnews.al\/index.php\/wp-json\/wp\/v2\/posts"}],"about":[{"href":"https:\/\/rdnews.al\/index.php\/wp-json\/wp\/v2\/types\/post"}],"author":[{"embeddable":true,"href":"https:\/\/rdnews.al\/index.php\/wp-json\/wp\/v2\/users\/4"}],"replies":[{"embeddable":true,"href":"https:\/\/rdnews.al\/index.php\/wp-json\/wp\/v2\/comments?post=71771"}],"version-history":[{"count":0,"href":"https:\/\/rdnews.al\/index.php\/wp-json\/wp\/v2\/posts\/71771\/revisions"}],"wp:featuredmedia":[{"embeddable":true,"href":"https:\/\/rdnews.al\/index.php\/wp-json\/wp\/v2\/media\/71772"}],"wp:attachment":[{"href":"https:\/\/rdnews.al\/index.php\/wp-json\/wp\/v2\/media?parent=71771"}],"wp:term":[{"taxonomy":"category","embeddable":true,"href":"https:\/\/rdnews.al\/index.php\/wp-json\/wp\/v2\/categories?post=71771"},{"taxonomy":"post_tag","embeddable":true,"href":"https:\/\/rdnews.al\/index.php\/wp-json\/wp\/v2\/tags?post=71771"}],"curies":[{"name":"wp","href":"https:\/\/api.w.org\/{rel}","templated":true}]}}