{"id":71775,"date":"2024-02-19T18:12:20","date_gmt":"2024-02-19T18:12:20","guid":{"rendered":"https:\/\/rdnews.al\/?p=71775"},"modified":"2024-02-19T18:12:20","modified_gmt":"2024-02-19T18:12:20","slug":"hajdarmataj-neser-te-gjithe-ne-shesh-per-te-rrezuar-kete-neodiktature","status":"publish","type":"post","link":"https:\/\/rdnews.al\/index.php\/2024\/02\/19\/hajdarmataj-neser-te-gjithe-ne-shesh-per-te-rrezuar-kete-neodiktature\/","title":{"rendered":"Hajdarmataj: Nes\u00ebr t\u00eb gjith\u00eb n\u00eb shesh p\u00ebr t\u00eb rr\u00ebzuar k\u00ebt\u00eb neodiktatur\u00eb!"},"content":{"rendered":"<p>An\u00ebtarja e Kryesis\u00eb s\u00eb PD, Mimoza Hajdarmataj i \u00ebsht\u00eb bashkuar tubimit t\u00eb p\u00ebrditsh\u00ebm qytetar n\u00eb mb\u00ebshtetje t\u00eb kreyr t\u00eb Partis\u00eb Demokratike Sali Berisha, posht\u00eb banes\u00ebs s\u00eb tij.<\/p>\n<p>N\u00eb fjal\u00ebn e saj Hajdarma, u shpreh se qindra mij\u00ebra qytetar\u00eb do t\u00eb bashkohen n\u00eb shesh p\u00ebr t\u00eb rr\u00ebzuar neodiktatur\u00ebn q\u00eb ka sjell\u00eb Rama.<\/p>\n<p>\u201cPo t\u00eb vritet frika, askush nuk i del p\u00ebrball\u00eb nj\u00eb populli t\u00eb irrituar, kund\u00ebr nj\u00eb diktature, apo sot kund\u00ebr nj\u00eb neodiktature. Erdhi 20 shkurti. Qindra mij\u00ebra qytetar\u00eb do t\u00eb bashkohen n\u00eb shesh, ta vrasim frik\u00ebn, ti themi stop k\u00ebsaj qeverie, k\u00ebsaj neo-narko-diktature q\u00eb po shpopullon.<\/p>\n<p>Dr. Berish\u00ebn nuk do e kemi nes\u00ebr me vete, por e kemi n\u00eb shpirtin ton\u00eb, n\u00eb zemrat tona. Ai do na udh\u00ebheq\u00eb atje n\u00eb shesh edhe nj\u00ebher\u00eb si\u00e7 na ka udh\u00ebhequr n\u00eb vitin \u201990 p\u00ebr t\u00eb rr\u00ebzuar k\u00ebt\u00eb diktatur\u00eb t\u00eb re, p\u00ebr t\u00eb rr\u00ebzuar k\u00ebta q\u00eb burgosin politikisht\u201d, tha ajo.<\/p>\n","protected":false},"excerpt":{"rendered":"<p>An\u00ebtarja e Kryesis\u00eb s\u00eb PD, Mimoza Hajdarmataj i \u00ebsht\u00eb bashkuar tubimit t\u00eb p\u00ebrditsh\u00ebm qytetar n\u00eb mb\u00ebshtetje t\u00eb kreyr t\u00eb Partis\u00eb Demokratike Sali Berisha, posht\u00eb banes\u00ebs s\u00eb tij. N\u00eb fjal\u00ebn e saj Hajdarma, u shpreh se qindra mij\u00ebra qytetar\u00eb do t\u00eb bashkohen n\u00eb shesh p\u00ebr t\u00eb rr\u00ebzuar neodiktatur\u00ebn q\u00eb ka sjell\u00eb Rama. \u201cPo t\u00eb vritet frika, &hellip;<\/p>\n","protected":false},"author":4,"featured_media":71776,"comment_status":"closed","ping_status":"closed","sticky":false,"template":"","format":"standard","meta":{"footnotes":""},"categories":[37],"tags":[],"class_list":["post-71775","post","type-post","status-publish","format-standard","has-post-thumbnail","","category-politike"],"_links":{"self":[{"href":"https:\/\/rdnews.al\/index.php\/wp-json\/wp\/v2\/posts\/71775","targetHints":{"allow":["GET"]}}],"collection":[{"href":"https:\/\/rdnews.al\/index.php\/wp-json\/wp\/v2\/posts"}],"about":[{"href":"https:\/\/rdnews.al\/index.php\/wp-json\/wp\/v2\/types\/post"}],"author":[{"embeddable":true,"href":"https:\/\/rdnews.al\/index.php\/wp-json\/wp\/v2\/users\/4"}],"replies":[{"embeddable":true,"href":"https:\/\/rdnews.al\/index.php\/wp-json\/wp\/v2\/comments?post=71775"}],"version-history":[{"count":0,"href":"https:\/\/rdnews.al\/index.php\/wp-json\/wp\/v2\/posts\/71775\/revisions"}],"wp:featuredmedia":[{"embeddable":true,"href":"https:\/\/rdnews.al\/index.php\/wp-json\/wp\/v2\/media\/71776"}],"wp:attachment":[{"href":"https:\/\/rdnews.al\/index.php\/wp-json\/wp\/v2\/media?parent=71775"}],"wp:term":[{"taxonomy":"category","embeddable":true,"href":"https:\/\/rdnews.al\/index.php\/wp-json\/wp\/v2\/categories?post=71775"},{"taxonomy":"post_tag","embeddable":true,"href":"https:\/\/rdnews.al\/index.php\/wp-json\/wp\/v2\/tags?post=71775"}],"curies":[{"name":"wp","href":"https:\/\/api.w.org\/{rel}","templated":true}]}}