{"id":71778,"date":"2024-02-19T18:18:05","date_gmt":"2024-02-19T18:18:05","guid":{"rendered":"https:\/\/rdnews.al\/?p=71778"},"modified":"2024-02-19T18:18:05","modified_gmt":"2024-02-19T18:18:05","slug":"berisha-protestuesit-me-20-shkurt-do-kene-ne-njerin-krah-te-verteten-kurse-ne-krahun-tjeter-bashkimin","status":"publish","type":"post","link":"https:\/\/rdnews.al\/index.php\/2024\/02\/19\/berisha-protestuesit-me-20-shkurt-do-kene-ne-njerin-krah-te-verteten-kurse-ne-krahun-tjeter-bashkimin\/","title":{"rendered":"Berisha: Protestuesit m\u00eb 20 shkurt do ken\u00eb n\u00eb nj\u00ebrin krah t\u00eb v\u00ebrtet\u00ebn, kurse n\u00eb krahun tjet\u00ebr bashkimin"},"content":{"rendered":"<p>Kryetari i PD, Sali Berisha tha para qytetar\u00ebve q\u00eb tubojn\u00eb posht\u00ebe banes\u00ebs s\u00eb tij se, protestuesit m\u00eb 20 shkurt do ken\u00eb n\u00eb nj\u00ebrin krah t\u00eb v\u00ebrtet\u00ebn, kurse n\u00eb krahun tjet\u00ebr bashkimin.<br \/>\n\u201cT\u00eb dashur qytetar\u00eb dhe qytetare, t\u00eb nderuar misionare dhe misionar\u00eb, q\u00ebndrestar\u00eb t\u00eb shpres\u00ebs, shp\u00ebtimtar\u00eb t\u00eb v\u00ebrtet\u00eb t\u00eb Shqip\u00ebris\u00eb.<br \/>\n20 shkurti do t\u00eb jet\u00eb n\u00eb historin\u00eb e demokracis\u00eb, nj\u00eb dit\u00eb e shenjt\u00eb sepse protesta e 20 shkurtit do t\u00eb jet\u00eb ndryshe nga \u00e7do protest\u00eb q\u00eb Shqip\u00ebria ka pasur nga 20 shkurti i vitit 1991 gjer sot.<br \/>\nKjo sepse secili prej jush, \u00e7do protestues, do t\u00eb ket\u00eb nes\u00ebr me vete dy arm\u00eb q\u00eb nuk i ka patur m\u00eb par\u00eb. \u00c7do demokrat, \u00e7do opozitar, \u00e7do shqiptar q\u00eb do shkel\u00eb n\u00eb Tiran\u00eb m\u00eb 20 shkurt, do marshoj\u00eb bashk\u00eb me k\u00ebto dy forca madhore krah tij.<br \/>\nProtestuesit m\u00eb 20 shkurt do ken\u00eb n\u00eb nj\u00ebrin krah t\u00eb v\u00ebrtet\u00ebn, kurse n\u00eb krahun tjet\u00ebr bashkimin.<br \/>\nM\u00eb lejoni t\u00eb p\u00ebrsh\u00ebndes n\u00eb emrin tuaj mij\u00ebra e mij\u00ebra qytetar\u00eb shqiptar\u00eb, q\u00eb kan\u00eb ardhur dje dhe sot n\u00eb Tiran\u00eb nga t\u00eb kat\u00ebr an\u00ebt e dheut p\u00ebr t\u2019u bashkuar me ju nes\u00ebr, dit\u00ebn e fitores.<br \/>\nUn\u00eb gjithashtu dua t\u00eb p\u00ebrsh\u00ebndes mij\u00ebra e mij\u00ebra shqiptar\u00eb, q\u00eb sot gjat\u00eb gjith\u00eb dit\u00ebs nga t\u00eb kat\u00ebr an\u00ebt e Shqip\u00ebris\u00eb, kan\u00eb ardhur n\u00eb Tiran\u00eb, t\u00eb gatsh\u00ebm p\u00ebr 20 shkurtin, dit\u00ebn e ngadh\u00ebnjimit t\u00eb demokracis\u00eb, dit\u00ebn e fitores t\u00eb opozit\u00ebs shqiptare.<br \/>\nMiqt\u00eb e mi, e v\u00ebrteta dhe bashkimi jan\u00eb dy forca q\u00eb shum\u00ebfishojn\u00eb shqiptar\u00ebt q\u00eb do mbushin nes\u00ebr sheshet dhe rrug\u00ebt e Tiran\u00ebs n\u00eb k\u00ebt\u00eb dat\u00eb historike.<br \/>\nE v\u00ebrteta dhe bashkimi jan\u00eb dy forca q\u00eb do e b\u00ebjn\u00eb m\u00eb t\u00eb r\u00ebnd\u00eb hapin e \u00e7do demokrati m\u00eb 20 shkurt.<br \/>\nE v\u00ebrteta dhe bashkimi jan\u00eb dy forca q\u00eb do b\u00ebjn\u00eb q\u00eb z\u00ebri i protestuesve t\u00eb dep\u00ebrtoj\u00eb jo vet\u00ebm n\u00eb vesh\u00ebt e topitur t\u00eb shqiptar\u00ebve, por t\u00eb dep\u00ebrtoj\u00eb n\u00eb zemrat e tyre, kudo q\u00eb jan\u00eb.<br \/>\nE v\u00ebrteta dhe bashkimi do shnd\u00ebrrojn\u00eb rrug\u00ebn e rikthimit t\u00eb opozit\u00ebs, rikthimit t\u00eb PD n\u00eb pushtet, rrug\u00ebn e shp\u00ebtimit t\u00eb Shqip\u00ebris\u00eb\u201d, tha Berisha.<\/p>\n","protected":false},"excerpt":{"rendered":"<p>Kryetari i PD, Sali Berisha tha para qytetar\u00ebve q\u00eb tubojn\u00eb posht\u00ebe banes\u00ebs s\u00eb tij se, protestuesit m\u00eb 20 shkurt do ken\u00eb n\u00eb nj\u00ebrin krah t\u00eb v\u00ebrtet\u00ebn, kurse n\u00eb krahun tjet\u00ebr bashkimin. \u201cT\u00eb dashur qytetar\u00eb dhe qytetare, t\u00eb nderuar misionare dhe misionar\u00eb, q\u00ebndrestar\u00eb t\u00eb shpres\u00ebs, shp\u00ebtimtar\u00eb t\u00eb v\u00ebrtet\u00eb t\u00eb Shqip\u00ebris\u00eb. 20 shkurti do t\u00eb jet\u00eb n\u00eb &hellip;<\/p>\n","protected":false},"author":4,"featured_media":71100,"comment_status":"closed","ping_status":"closed","sticky":false,"template":"","format":"standard","meta":{"footnotes":""},"categories":[37],"tags":[],"class_list":["post-71778","post","type-post","status-publish","format-standard","has-post-thumbnail","","category-politike"],"_links":{"self":[{"href":"https:\/\/rdnews.al\/index.php\/wp-json\/wp\/v2\/posts\/71778","targetHints":{"allow":["GET"]}}],"collection":[{"href":"https:\/\/rdnews.al\/index.php\/wp-json\/wp\/v2\/posts"}],"about":[{"href":"https:\/\/rdnews.al\/index.php\/wp-json\/wp\/v2\/types\/post"}],"author":[{"embeddable":true,"href":"https:\/\/rdnews.al\/index.php\/wp-json\/wp\/v2\/users\/4"}],"replies":[{"embeddable":true,"href":"https:\/\/rdnews.al\/index.php\/wp-json\/wp\/v2\/comments?post=71778"}],"version-history":[{"count":0,"href":"https:\/\/rdnews.al\/index.php\/wp-json\/wp\/v2\/posts\/71778\/revisions"}],"wp:featuredmedia":[{"embeddable":true,"href":"https:\/\/rdnews.al\/index.php\/wp-json\/wp\/v2\/media\/71100"}],"wp:attachment":[{"href":"https:\/\/rdnews.al\/index.php\/wp-json\/wp\/v2\/media?parent=71778"}],"wp:term":[{"taxonomy":"category","embeddable":true,"href":"https:\/\/rdnews.al\/index.php\/wp-json\/wp\/v2\/categories?post=71778"},{"taxonomy":"post_tag","embeddable":true,"href":"https:\/\/rdnews.al\/index.php\/wp-json\/wp\/v2\/tags?post=71778"}],"curies":[{"name":"wp","href":"https:\/\/api.w.org\/{rel}","templated":true}]}}