{"id":71780,"date":"2024-02-19T18:26:36","date_gmt":"2024-02-19T18:26:36","guid":{"rendered":"https:\/\/rdnews.al\/?p=71780"},"modified":"2024-02-19T18:26:36","modified_gmt":"2024-02-19T18:26:36","slug":"berisha-cdo-akuze-e-opozites-cdo-denoncim-i-juaji-ne-keto-dy-vite-eshte-faktuar","status":"publish","type":"post","link":"https:\/\/rdnews.al\/index.php\/2024\/02\/19\/berisha-cdo-akuze-e-opozites-cdo-denoncim-i-juaji-ne-keto-dy-vite-eshte-faktuar\/","title":{"rendered":"Berisha: \u00c7do akuz\u00eb e opozit\u00ebs, \u00e7do denoncim i juaji n\u00eb k\u00ebto dy vite \u00ebsht\u00eb faktuar!"},"content":{"rendered":"<p>Kryetari i PD, Sali Berisha tha se, \u00e7do akuz\u00eb e opozit\u00ebs, \u00e7do denoncim i juaji n\u00eb k\u00ebto dy vite \u00ebsht\u00eb faktuar. Berisha tha se, e v\u00ebrteta ka dal\u00eb n\u00eb drit\u00ebn e diellit.<br \/>\n\u201cT\u00eb dashur miq, nuk ishte nj\u00eb betej\u00eb e thjesht\u00eb kjo e jona. Shqip\u00ebria vitet e fundit ka qen\u00eb e sulmuar, nj\u00eb agresion i mir\u00ebfillt\u00eb kund\u00ebr popullit shqiptar nga aleanca e krimit, drog\u00ebs dhe korrupsionit. Aleanca, si\u00e7 u p\u00eblqejn\u00eb vet\u00eb atyre t\u00eb quajn\u00eb veten, e qelb\u00ebsirave.<br \/>\nKjo aleanc\u00eb, mblodhi kund\u00ebr shqiptar\u00ebve n\u00eb \u00e7atin\u00eb e saj, krimin e organizuar, korrupsionin gjigant, korrupsionin transnacional, mediat e korruptuara, antishqiptar\u00eb t\u00eb t\u00eb gjitha llojeve, mafien nd\u00ebrkomb\u00ebtare t\u00eb Xhorxh Sorosit dhe mafie t\u00eb tjera.<br \/>\nT\u00eb gjitha k\u00ebto u bashkuan n\u00ebn emrin Rilindje, dhe t\u00eb drejtuara nga tradhtari m\u00eb i ndyr\u00eb n\u00eb historin\u00eb e kombit shqiptar, Edvin Kristaq Rama.<br \/>\nKjo aleanc\u00eb ka para t\u00eb pashtershme droge dhe korrupsioni.<br \/>\nKjo aleanc\u00eb ka media t\u00eb fuqishme.<br \/>\nKjo aleanc\u00eb ka korruptuar kok\u00eb e k\u00ebmb\u00eb drejt\u00ebsin\u00eb e re, drejt\u00ebsin\u00eb e tyre.<br \/>\nKjo aleanc\u00eb ka korruptuar ambasador\u00eb, diplomat\u00eb, gjer dhe shefin e kund\u00ebrzbulimit t\u00eb partnerit kryesor strategjik t\u00eb Shqip\u00ebris\u00eb.<br \/>\nT\u00eb gjitha k\u00ebto ishin investuar p\u00ebr t\u00eb mbyllur syt\u00eb shqiptar\u00ebve ndaj t\u00eb v\u00ebrtet\u00ebs, ndaj vjedhjeve t\u00eb tmerrshme q\u00eb po u b\u00ebnin.<br \/>\nPropagand\u00eb e pafundme, mashtrime mediatike t\u00eb llahtarshme, dezinformime t\u00eb liga, t\u00eb gjitha me q\u00ebllim q\u00eb t\u00eb mbulohej e v\u00ebrteta se kombi shqiptar \u00ebsht\u00eb nj\u00eb komb i agresuar, \u00ebsht\u00eb nj\u00eb kombi i sulmuar.<br \/>\nDy vite m\u00eb par\u00eb, pasi ne si opozit\u00eb u ngrit\u00ebm, ne fol\u00ebm t\u00eb v\u00ebrtet\u00ebn. Me t\u00eb madhe theksuam se Shqip\u00ebria \u00ebsht\u00eb n\u00eb rrezik.<br \/>\nShqip\u00ebria n\u00eb rrezik ishte slogani yn\u00eb, por p\u00ebr hir t\u00eb v\u00ebrtet\u00ebs jo t\u00eb gjith\u00eb na besuan.<br \/>\nVjedhjet e Edi Ram\u00ebs ishin aq monstruoze sa ngjanin me trillime.<br \/>\nShkat\u00ebrrimet e Edi Ram\u00ebs ishin aq katastrofike, sa Shqip\u00ebria ngjante nj\u00eb vend i mallkuar dhe jo i keqqeverisur.<br \/>\nPor tani, dy vite m\u00eb von\u00eb, e v\u00ebrteta ka dal\u00eb n\u00eb drit\u00eb.<br \/>\n\u00c7do akuz\u00eb e opozit\u00ebs, \u00e7do denoncim i juaji n\u00eb k\u00ebto dy vite \u00ebsht\u00eb faktuar. E v\u00ebrteta ka dal\u00eb n\u00eb drit\u00ebn e diellit.<br \/>\nPrandaj \u00e7do demokrat, m\u00eb dat\u00ebn 20 shkurt n\u00eb nj\u00ebrin krah ka k\u00ebt\u00eb t\u00eb v\u00ebrtet\u00eb q\u00eb ec\u00ebn bashk\u00eb me t\u00eb. Kjo e v\u00ebrtet\u00eb do b\u00ebj\u00eb \u00e7do protestues t\u00eb pandalsh\u00ebm, do b\u00ebj\u00eb \u00e7do protestues fitimtar.<br \/>\nSepse Edi Rama, ky hajdut i pangopur \u00ebsht\u00eb rrezik p\u00ebr xhepat e shqiptar\u00ebve. K\u00ebt\u00eb e ka denoncuar opozita, por e ka provuar edhe Eurostat, i cili gjen se shqiptar\u00ebt, t\u00eb cil\u00ebt 10 vite m\u00eb par\u00eb kishin rrogat m\u00eb t\u00eb larta n\u00eb rajon, tani kan\u00eb rrogat m\u00eb t\u00eb ul\u00ebta. Sot shqiptar\u00ebt kan\u00eb rroga afrikane, kurse \u00e7mimet i kan\u00eb t\u00eb kripura evropiane.<br \/>\nPrandaj dhe sot n\u00eb em\u00ebr tuaj u b\u00ebj thirrje solemne \u00e7do shqiptari q\u00eb nuk e shtyn dot muajin, q\u00eb ankthi e kaplon kur hyn n\u00eb merkato nga \u00e7mimet e shport\u00ebs, q\u00eb i qan zemra q\u00eb nuk siguron dot nj\u00eb dit\u00eblindje dinjitoze p\u00ebr f\u00ebmij\u00ebn e tij, q\u00eb nuk mbulon dot n\u00eb shpenzim t\u00eb papritur, ka shansin m\u00eb 20 shkurt t\u00eb eci n\u00eb krah\u00eb t\u00eb v\u00ebrtet\u00ebs dhe t\u00eb gjunj\u00ebzoj\u00eb shkaktarin e fatkeq\u00ebsis\u00eb s\u00eb tij.<br \/>\nO sot, o kurr\u00eb, me 20 shkurt t\u00eb gjith\u00eb n\u00eb shesh\u201d, u shpreh Berisha.<\/p>\n","protected":false},"excerpt":{"rendered":"<p>Kryetari i PD, Sali Berisha tha se, \u00e7do akuz\u00eb e opozit\u00ebs, \u00e7do denoncim i juaji n\u00eb k\u00ebto dy vite \u00ebsht\u00eb faktuar. Berisha tha se, e v\u00ebrteta ka dal\u00eb n\u00eb drit\u00ebn e diellit. \u201cT\u00eb dashur miq, nuk ishte nj\u00eb betej\u00eb e thjesht\u00eb kjo e jona. Shqip\u00ebria vitet e fundit ka qen\u00eb e sulmuar, nj\u00eb agresion i &hellip;<\/p>\n","protected":false},"author":4,"featured_media":69993,"comment_status":"closed","ping_status":"closed","sticky":false,"template":"","format":"standard","meta":{"footnotes":""},"categories":[37],"tags":[],"class_list":["post-71780","post","type-post","status-publish","format-standard","has-post-thumbnail","","category-politike"],"_links":{"self":[{"href":"https:\/\/rdnews.al\/index.php\/wp-json\/wp\/v2\/posts\/71780","targetHints":{"allow":["GET"]}}],"collection":[{"href":"https:\/\/rdnews.al\/index.php\/wp-json\/wp\/v2\/posts"}],"about":[{"href":"https:\/\/rdnews.al\/index.php\/wp-json\/wp\/v2\/types\/post"}],"author":[{"embeddable":true,"href":"https:\/\/rdnews.al\/index.php\/wp-json\/wp\/v2\/users\/4"}],"replies":[{"embeddable":true,"href":"https:\/\/rdnews.al\/index.php\/wp-json\/wp\/v2\/comments?post=71780"}],"version-history":[{"count":0,"href":"https:\/\/rdnews.al\/index.php\/wp-json\/wp\/v2\/posts\/71780\/revisions"}],"wp:featuredmedia":[{"embeddable":true,"href":"https:\/\/rdnews.al\/index.php\/wp-json\/wp\/v2\/media\/69993"}],"wp:attachment":[{"href":"https:\/\/rdnews.al\/index.php\/wp-json\/wp\/v2\/media?parent=71780"}],"wp:term":[{"taxonomy":"category","embeddable":true,"href":"https:\/\/rdnews.al\/index.php\/wp-json\/wp\/v2\/categories?post=71780"},{"taxonomy":"post_tag","embeddable":true,"href":"https:\/\/rdnews.al\/index.php\/wp-json\/wp\/v2\/tags?post=71780"}],"curies":[{"name":"wp","href":"https:\/\/api.w.org\/{rel}","templated":true}]}}