{"id":71782,"date":"2024-02-19T18:36:13","date_gmt":"2024-02-19T18:36:13","guid":{"rendered":"https:\/\/rdnews.al\/?p=71782"},"modified":"2024-02-19T18:36:13","modified_gmt":"2024-02-19T18:36:13","slug":"butrinti-berisha-thirrje-kongresit-te-shba-hetoni-kete-afere-te-tmerrshme","status":"publish","type":"post","link":"https:\/\/rdnews.al\/index.php\/2024\/02\/19\/butrinti-berisha-thirrje-kongresit-te-shba-hetoni-kete-afere-te-tmerrshme\/","title":{"rendered":"\u201cButrinti\u201d\/ Berisha thirrje Kongresit t\u00eb SHBA: Hetoni k\u00ebt\u00eb afer\u00eb t\u00eb tmerrshme"},"content":{"rendered":"<p>Kryetari i PD, Sali Berisha tha se, UNESCO deklaroi se plani i menaxhimit nuk e mbron Butrintin, por e vjedh Butrintin. Berisha tha se, korrupsioni nuk \u00ebsht\u00eb vet\u00ebm shqiptar, nda i b\u00ebri thirrje Kongresit t\u00eb SHBA t\u00eb hetoj\u00eb k\u00ebt\u00eb afer\u00eb t\u00eb tmerrshme.<br \/>\n\u201cMiqt\u00eb e mi, Edi Rama \u00ebsht\u00eb rrezik i madh p\u00ebr ekonomin\u00eb e vendit.<br \/>\nK\u00ebt\u00eb e ka denoncuar opozita, por jo vet\u00ebm.<br \/>\nK\u00ebt\u00eb e denoncoi z\u00ebvend\u00ebskryeministri i Edi Ram\u00ebs me fakte.<br \/>\nKa vjedhur qindra milion\u00eb euro me incenerator\u00ebt, ka vjedhur qindra milion\u00eb t\u00eb tjer\u00eb me aferat e sterilizimit, po vjedh miliarda n\u00eb portin e Durr\u00ebsit, po vjedh miliarda me parkun e Butrintit, po p\u00ebrgatit vjedhjen e miliardave me parkun komb\u00ebtar t\u00eb Divjak\u00ebs.<br \/>\nT\u00eb dashur miq, ngrihuni shqiptar\u00eb, n\u00ebse nuk e ndaloni ju, Shqip\u00ebria do shnd\u00ebrrohet n\u00eb \u00e7ifligun e kryehajdutit t\u00eb Shqip\u00ebris\u00eb, rajonit, Europ\u00ebs.<br \/>\nVet\u00ebm forca juaj mund t\u00eb ndaloj\u00eb k\u00ebt\u00eb hajdut t\u00eb pap\u00ebrmbajtur.<br \/>\nVet\u00ebm jav\u00ebn e fundit, eksploduan dy skandale multimiliard\u00ebshe.<br \/>\nButrinti, UNESCO deklaroi se plani i menaxhimit nuk e mbron Butrintin, por e vjedh Butrintin.<br \/>\nSe me planin e menaxhimit iu hap rruga qeveris\u00eb p\u00ebr t\u00eb grabitur 600 hektar\u00eb n\u00eb Kepin e Still\u00ebs dhe Gjirin e Manastirit.<br \/>\nSot reaguan, pasi e fsheh\u00ebn si hiena p\u00ebr 5 muaj me radh\u00eb, raportin e UNESCO-s q\u00eb d\u00ebnonte planin e menaxhimit t\u00eb Fondacionit Shqiptaro-Amerikan, bashk\u00ebvjedh\u00ebs.<br \/>\nMiq, mos harroni se beteja m\u00eb e rrezikshme sot \u00ebsht\u00eb beteja kund\u00ebr korrupsionit. Por ne jemi burra dhe gra t\u00eb betuar q\u00eb kurr\u00eb nuk do e falim.<br \/>\nParku i Butrintit, ua them p\u00ebrs\u00ebri, \u00ebsht\u00eb pasuria m\u00eb p\u00ebrrallore, kulturore dhe natyrore e shqiptar\u00ebve dhe ndoshta nj\u00eb nga m\u00eb p\u00ebrralloret n\u00eb bot\u00eb.<br \/>\n\u00c7far\u00eb b\u00ebn\u00eb hajdut\u00ebt? Dhe do t\u2019ia them, d\u00ebgjo ti Martin dhe t\u00eb gjith\u00eb ju an\u00ebtar\u00ebt e bordit, u b\u00ebt\u00eb si ata dy fshatar\u00ebt e mi, q\u00eb nj\u00ebri hipte n\u00eb shpin\u00eb t\u00eb tjetrit p\u00ebr t\u00eb vjedhur shalqirin e Sahitit dhe pastaj betohej se me k\u00ebto k\u00ebmb\u00eb nuk kam shkelur n\u00eb kopshtin t\u00ebnd. Kurse tjetri thoshte me k\u00ebto duar, nuk kam prekur shalqinin t\u00ebnd.<br \/>\nLarg duart nga Butrinti, se planin e menaxhimit nuk ua hartoi opozita, e hartuat ju p\u00ebr t\u00eb vjedhur qeveria dhe ju bashk\u00eb me t\u00eb.<br \/>\nLarg duart nga pasurit\u00eb e popullit shqiptar. T\u00ebrhiquni!<br \/>\nI b\u00ebj thirrje Kongresit t\u00eb SHBA, i b\u00ebj thirrje miqve t\u00eb Shqip\u00ebris\u00eb n\u00eb Kongres, t\u00eb nd\u00ebrmarrin nj\u00eb hetim p\u00ebr k\u00ebt\u00eb afer\u00eb t\u00eb tmerrshme korruptive.<br \/>\nNuk mund t\u00eb thuash ti sot se \u00e7\u2019b\u00ebri qeverisja, se qeveria hapi shtegun. Se planin e menaxhimit sipas UNESCO-s duhet ta b\u00ebje p\u00ebr t\u00eb gjith\u00eb parkun, jo vet\u00ebm p\u00ebr at\u00eb llokm\u00ebn q\u00eb do merrje ti p\u00ebr vete.<br \/>\nNdaj dhe larg duart, p\u00ebrndryshe n\u00eb gjykat\u00eb nd\u00ebrkomb\u00ebtare do p\u00ebrfundoni.<br \/>\nPo, miqt\u00eb e mi. Korrupsioni nuk \u00ebsht\u00eb vet\u00ebm shqiptar. Korrupsioni \u00ebsht\u00eb bot\u00ebror. Nuk ka ngjyr\u00eb, nuk ka dhe, nuk ka besim, nuk ka fe.<br \/>\nNdaj dhe Martin, edhe nj\u00ebher\u00eb, tregoju dhe atyre an\u00ebtar\u00ebve t\u00eb bordit, historin\u00eb e hajdut\u00ebve t\u00eb bostanit. T\u00eb heqin dor\u00eb nga Butrinti dhe t\u2019i k\u00ebrkojn\u00eb t\u00eb falur shqiptar\u00ebve\u201d, u shpreh Berisha.<\/p>\n","protected":false},"excerpt":{"rendered":"<p>Kryetari i PD, Sali Berisha tha se, UNESCO deklaroi se plani i menaxhimit nuk e mbron Butrintin, por e vjedh Butrintin. Berisha tha se, korrupsioni nuk \u00ebsht\u00eb vet\u00ebm shqiptar, nda i b\u00ebri thirrje Kongresit t\u00eb SHBA t\u00eb hetoj\u00eb k\u00ebt\u00eb afer\u00eb t\u00eb tmerrshme. \u201cMiqt\u00eb e mi, Edi Rama \u00ebsht\u00eb rrezik i madh p\u00ebr ekonomin\u00eb e vendit. &hellip;<\/p>\n","protected":false},"author":4,"featured_media":70590,"comment_status":"closed","ping_status":"closed","sticky":false,"template":"","format":"standard","meta":{"footnotes":""},"categories":[37],"tags":[],"class_list":["post-71782","post","type-post","status-publish","format-standard","has-post-thumbnail","","category-politike"],"_links":{"self":[{"href":"https:\/\/rdnews.al\/index.php\/wp-json\/wp\/v2\/posts\/71782","targetHints":{"allow":["GET"]}}],"collection":[{"href":"https:\/\/rdnews.al\/index.php\/wp-json\/wp\/v2\/posts"}],"about":[{"href":"https:\/\/rdnews.al\/index.php\/wp-json\/wp\/v2\/types\/post"}],"author":[{"embeddable":true,"href":"https:\/\/rdnews.al\/index.php\/wp-json\/wp\/v2\/users\/4"}],"replies":[{"embeddable":true,"href":"https:\/\/rdnews.al\/index.php\/wp-json\/wp\/v2\/comments?post=71782"}],"version-history":[{"count":0,"href":"https:\/\/rdnews.al\/index.php\/wp-json\/wp\/v2\/posts\/71782\/revisions"}],"wp:featuredmedia":[{"embeddable":true,"href":"https:\/\/rdnews.al\/index.php\/wp-json\/wp\/v2\/media\/70590"}],"wp:attachment":[{"href":"https:\/\/rdnews.al\/index.php\/wp-json\/wp\/v2\/media?parent=71782"}],"wp:term":[{"taxonomy":"category","embeddable":true,"href":"https:\/\/rdnews.al\/index.php\/wp-json\/wp\/v2\/categories?post=71782"},{"taxonomy":"post_tag","embeddable":true,"href":"https:\/\/rdnews.al\/index.php\/wp-json\/wp\/v2\/tags?post=71782"}],"curies":[{"name":"wp","href":"https:\/\/api.w.org\/{rel}","templated":true}]}}