{"id":71784,"date":"2024-02-19T18:40:00","date_gmt":"2024-02-19T18:40:00","guid":{"rendered":"https:\/\/rdnews.al\/?p=71784"},"modified":"2024-02-19T18:40:00","modified_gmt":"2024-02-19T18:40:00","slug":"boci-protesta-do-te-jete-mosbindje-civile-nuk-i-dorezojme-kauzat-e-qytetareve","status":"publish","type":"post","link":"https:\/\/rdnews.al\/index.php\/2024\/02\/19\/boci-protesta-do-te-jete-mosbindje-civile-nuk-i-dorezojme-kauzat-e-qytetareve\/","title":{"rendered":"Bo\u00e7i: Protesta do t\u00eb jet\u00eb mosbindje civile, nuk i dor\u00ebzojm\u00eb kauzat e qytetar\u00ebve!"},"content":{"rendered":"<p>&#8220;Mos na num\u00ebroni, por shihni frekuenc\u00ebn, rezistenc\u00ebn, q\u00ebndrueshm\u00ebrin\u00eb&#8221;. K\u00ebt\u00eb mesazh p\u00ebrcolli n\u00ebnkryetari i PD, Lu\u00e7iano Bo\u00e7i p\u00ebr protest\u00ebn e nes\u00ebrme t\u00eb thirrur nga opozita. N\u00eb studion e A2 CNN, Bo\u00e7i theksoi se, kjo protest\u00eb do t\u00eb jet\u00eb masive dhe paralajm\u00ebroi mosbindje civile.<\/p>\n<p>\u201cMos na num\u00ebroni por shihni frekuenc\u00ebn, rezistenc\u00ebn, q\u00ebndrueshm\u00ebrin\u00eb. Dhe ky lexim i qart\u00eb tregon shum\u00eb gj\u00ebra. Shpesh jemi gjendur si PD n\u00eb situata t\u00eb tilla edhe n\u00eb \u201897 e 2001 e 2005 dhe nuk ka qen\u00eb llogaria e numrave q\u00eb ka sjell\u00eb reagimin, por ka qen\u00eb q\u00ebndresa. Kemi dit\u00eb q\u00eb b\u00ebjm\u00eb nj\u00eb protest\u00eb te rruga e shpres\u00ebs. N\u00eb k\u00ebndv\u00ebshtrimin tim tregon shum\u00eb, njer\u00ebzit jan\u00eb t\u00eb vendosur, ne jemi t\u00eb vendosur nuk e dor\u00ebzojm\u00eb opozit\u00ebn nuk dor\u00ebzojm\u00eb kauzat tona e t\u00eb qytetar\u00ebve, nuk e shesim pluralizmin, do t\u00eb vazhdojm\u00eb t\u00eb q\u00ebndrojm\u00eb. Numrat jan\u00eb themelor\u00eb, por edhe kur ka pasur numra kund\u00ebrshtari ka l\u00ebshuar element\u00eb t\u00eb tjer\u00eb q\u00eb ta demoloj\u00eb protest\u00ebn. Kjo protest\u00eb do jet\u00eb edhe masive p\u00ebr ata q\u00eb kan\u00eb qejf numrat dhe e fort\u00eb n\u00eb aktet e saj dhe mesazhet e saj. Mosbindja civile \u00ebsht\u00eb k\u00ebrkuar vazhdimisht dhe nj\u00eb aspektet \u00ebsht\u00eb bllokimi i jet\u00ebs normale afekton nj\u00eb pjes\u00eb t\u00eb qytetar\u00ebve por k\u00ebrkohet mir\u00ebkuptimi i tyre n\u00eb vazhdim\u00ebsi t\u00eb protestave duke marr\u00eb shembullin e vendeve europiane\u201d.<\/p>\n<p>Bo\u00e7i theksoi se ka solidaritet t\u00eb qytetar\u00ebve me kauzat e tyre dhe ato politike, Bo\u00e7i ngriti disa pik\u00ebpyetje p\u00ebr sistemin demokratik.<\/p>\n<p>\u201cKa nj\u00eb afrimitet e solidaritet dhe atashim t\u00eb qytetar\u00ebve me kauzat e tyre dhe kauz\u00ebn ton\u00eb politike, shprehin gatishm\u00ebri n\u00eb t\u00eb gjitha takimet. Kjo \u00ebsht\u00eb edhe njer\u00ebzore dhe kund\u00ebrshtuese ndaj qeveris\u00eb. Momenti kur qytetari zbraz ofsham\u00ebn e tij p\u00ebr qeverisjen. Ky kontakt \u00ebsht\u00eb sh\u00ebruar p\u00ebr politik\u00ebn dhe pjes\u00ebn e problemeve t\u00eb qytetarit. Aktet e k\u00ebsaj qeverisje kan\u00eb qen\u00eb t\u00eb tilla q\u00eb kan\u00eb dashur reagim t\u00eb fort\u00eb. Halli i qytetari \u00ebsht\u00eb halli im. Komunikimet e qytetar\u00ebve jan\u00eb me opozit\u00ebn. Pse opozita t\u00eb mos ket\u00eb komisionet hetimore sipas ligjit, jo sipas ligjit t\u00eb Ram\u00ebs? Pse t\u00eb ket\u00eb rregullore p\u00ebr d\u00ebnim t\u00eb deputet\u00ebve duke i penguar veprimtarin\u00eb parlamentare? Pse t\u00eb ket\u00eb mosp\u00ebrputhje mes nj\u00eb hetimi dhe mas\u00ebs si ndaj zotit Berisha? \u00a0Dim\u00eb ta lexojm\u00eb ligjin dhe ligji ka nj\u00eb lexim, jo dy lexime dhe t\u00eb pushojn\u00eb goditjet politike ndaj opozit\u00ebs\u201d.<\/p>\n<p>Ai akuzoi qeverisjen si t\u00eb kapur nga krimi dhe duke goditur institucionet kryesore, sikurse parlamentin, sie dhe duke luftuar PD-n\u00eb.<\/p>\n<p>\u201cKauzat qytetare jan\u00eb t\u00eb lidhura me qeverisjen kur \u00ebsht\u00eb e korruptuar, kur godet mir\u00ebqenien e tij, shoq\u00ebrohet me skandale e afera. Kur godet sigurin\u00eb sh\u00ebndet\u00ebsore e arsimore, por edhe sigurin\u00eb sociale dhe k\u00ebto jan\u00eb t\u00eb rr\u00ebzuara. P\u00ebrball\u00eb kemi nj\u00eb qeverisje q\u00eb \u00ebsht\u00eb p\u00ebrqendruar tek interesi financiar. Qeverisja \u00ebsht\u00eb kapur n\u00eb marr\u00ebdh\u00ebnie t\u00eb ngushta me krimin dhe vet\u00eb ka dal\u00eb n\u00eb form\u00ebn e krimit t\u00eb grupit t\u00eb strukturuar kriminal, munges\u00eb parimesh e parametrash t\u00eb demokracis\u00eb. \u00cbsht\u00eb d\u00ebmtuar sistemi demokratik, duke goditur institucionet kryesore dhe nj\u00eb nga institucionet kryesore krahas sistemit t\u00eb drejt\u00ebsis\u00eb \u00ebsht\u00eb parlamenti, q\u00eb b\u00ebn balanc\u00ebn e ekzekutivit ku hap\u00ebsira e opozit\u00ebs nuk ekziston m\u00eb, roli i opozit\u00ebs p\u00ebrkthehet n\u00eb rolin e qytetarit nuk ka jet\u00eb dhe qytetari nuk ka fat t\u00eb kontrolloj\u00eb ekzekutivin\u00a0 q\u00eb i vjen n\u00eb forma arbitrare. \u00cbsht\u00eb edhe kauza politike, mazhoranca ka goditur standardet demokratike duke dashur t\u00eb eliminoj\u00eb opozit\u00ebn duke luftuar PD, duke goditur liderin\u201d.<\/p>\n","protected":false},"excerpt":{"rendered":"<p>&#8220;Mos na num\u00ebroni, por shihni frekuenc\u00ebn, rezistenc\u00ebn, q\u00ebndrueshm\u00ebrin\u00eb&#8221;. K\u00ebt\u00eb mesazh p\u00ebrcolli n\u00ebnkryetari i PD, Lu\u00e7iano Bo\u00e7i p\u00ebr protest\u00ebn e nes\u00ebrme t\u00eb thirrur nga opozita. N\u00eb studion e A2 CNN, Bo\u00e7i theksoi se, kjo protest\u00eb do t\u00eb jet\u00eb masive dhe paralajm\u00ebroi mosbindje civile. \u201cMos na num\u00ebroni por shihni frekuenc\u00ebn, rezistenc\u00ebn, q\u00ebndrueshm\u00ebrin\u00eb. Dhe ky lexim i qart\u00eb &hellip;<\/p>\n","protected":false},"author":4,"featured_media":51334,"comment_status":"closed","ping_status":"closed","sticky":false,"template":"","format":"standard","meta":{"footnotes":""},"categories":[37],"tags":[],"class_list":["post-71784","post","type-post","status-publish","format-standard","has-post-thumbnail","","category-politike"],"_links":{"self":[{"href":"https:\/\/rdnews.al\/index.php\/wp-json\/wp\/v2\/posts\/71784","targetHints":{"allow":["GET"]}}],"collection":[{"href":"https:\/\/rdnews.al\/index.php\/wp-json\/wp\/v2\/posts"}],"about":[{"href":"https:\/\/rdnews.al\/index.php\/wp-json\/wp\/v2\/types\/post"}],"author":[{"embeddable":true,"href":"https:\/\/rdnews.al\/index.php\/wp-json\/wp\/v2\/users\/4"}],"replies":[{"embeddable":true,"href":"https:\/\/rdnews.al\/index.php\/wp-json\/wp\/v2\/comments?post=71784"}],"version-history":[{"count":0,"href":"https:\/\/rdnews.al\/index.php\/wp-json\/wp\/v2\/posts\/71784\/revisions"}],"wp:featuredmedia":[{"embeddable":true,"href":"https:\/\/rdnews.al\/index.php\/wp-json\/wp\/v2\/media\/51334"}],"wp:attachment":[{"href":"https:\/\/rdnews.al\/index.php\/wp-json\/wp\/v2\/media?parent=71784"}],"wp:term":[{"taxonomy":"category","embeddable":true,"href":"https:\/\/rdnews.al\/index.php\/wp-json\/wp\/v2\/categories?post=71784"},{"taxonomy":"post_tag","embeddable":true,"href":"https:\/\/rdnews.al\/index.php\/wp-json\/wp\/v2\/tags?post=71784"}],"curies":[{"name":"wp","href":"https:\/\/api.w.org\/{rel}","templated":true}]}}