{"id":71786,"date":"2024-02-19T18:43:00","date_gmt":"2024-02-19T18:43:00","guid":{"rendered":"https:\/\/rdnews.al\/?p=71786"},"modified":"2024-02-19T19:02:23","modified_gmt":"2024-02-19T19:02:23","slug":"rama-ka-gjetur-nje-alabar-tjeter-nje-xhevdet-caner-per-te-copetuar-pasurine-perrallore-te-divjakes","status":"publish","type":"post","link":"https:\/\/rdnews.al\/index.php\/2024\/02\/19\/rama-ka-gjetur-nje-alabar-tjeter-nje-xhevdet-caner-per-te-copetuar-pasurine-perrallore-te-divjakes\/","title":{"rendered":"Kush \u00ebsht\u00eb ortaku i Ram\u00ebs tek grabitja e Parkut Komb\u00ebtar t\u00eb Divjak\u00ebs"},"content":{"rendered":"<p>Kryetari i Partis\u00eb Demokratike, Sali Berisha, n\u00eb tubimin qytetar, ka folur edhe p\u00ebr afer\u00ebn m\u00eb t\u00eb re korruptive q\u00eb po i b\u00ebhet nj\u00eb tjet\u00ebr pasurie t\u00eb mbrojtur n\u00eb vendin ton\u00eb, atij t\u00eb parkut t\u00eb Divjak\u00ebs.<\/p>\n<p>\u201cMiqt\u00eb e mi, e nj\u00ebjta gj\u00eb po ndodh me Divjak\u00ebn.<\/p>\n<p>A e keni marr\u00eb vesh ju se Edi Rama po \u00e7on nes\u00ebr n\u00eb parlament ligjin, q\u00eb u heq autoritetin institucioneve p\u00ebr mbrojtjen e zonave dhe p\u00ebr t\u2019ia vendosur m\u00ebl\u00e7it\u00eb, ujkut t\u00eb pangopur n\u00eb qaf\u00eb.<\/p>\n<p>P\u00ebr t\u2019ia vendosur m\u00ebl\u00e7it\u00eb Edi Ram\u00ebs.<\/p>\n<p>Do t\u00eb marr\u00eb vet\u00eb tani K\u00ebshilli Komb\u00ebtar i Territorit, zonat e mbrojtura.<\/p>\n<p>Ka gjetur nj\u00eb Alabar tjet\u00ebr, nj\u00eb Xhevdet \u00c7aner, p\u00ebr t\u00eb cop\u00ebtuar Divjak\u00ebn, pasurin\u00eb p\u00ebrrallore, Karavastan\u00eb.<\/p>\n<p>Miqt\u00eb e mi, beteja \u00ebsht\u00eb e shenjt\u00eb. Po mbroni ju pasurit\u00eb tuaja personale, por po mbroni pasurit\u00eb e shqiptar\u00ebve, t\u00eb europian\u00ebve, t\u00eb mbar\u00eb bot\u00ebs.<\/p>\n<p>T\u00eb dashur miq, Edi Rama duhet t\u00eb jap\u00eb hesap nes\u00ebr sepse \u00ebsht\u00eb zhytur n\u00eb luksin e nj\u00eb sheiku, n\u00eb luksin e nj\u00eb sulltani, kur shqiptar\u00ebt rrezikojn\u00eb kokat n\u00eb gomone, u fluturon sip\u00ebr me avionin privat plot drog\u00eb dhe narko-euro, q\u00eb i \u00e7on ku i \u00e7on.<\/p>\n<p>Prandaj dhe nuk pranon komisione hetimore, n\u00eb nj\u00eb koh\u00eb kur nj\u00eb familje shqiptare nuk ngopet dot, nj\u00eb familje shqiptare num\u00ebron qindarkat, n\u00eb nj\u00eb koh\u00eb kur pensionist\u00ebt nuk marrin dot ila\u00e7et.<\/p>\n<p>Ftoj \u00e7do shqiptar t\u2019i shtroj\u00eb vetes pyetjen sonte, \u00e7far\u00eb do ishte Shqip\u00ebria n\u00ebse nuk do ishim vjedhur k\u00ebto miliarda nga Edi Rama dhe organizata e tij kriminale?<\/p>\n<p>Sa shqiptar\u00eb do kishin refuzuar gomonet?<\/p>\n<p>Sa pensionist\u00eb do ishin t\u00eb gjall\u00eb ems nesh se do kishin siguruar ila\u00e7et?<\/p>\n<p>Sa familje do kishin siguruar minimalisht nj\u00eb jet\u00eb dinjitoze.<\/p>\n<p>Cilido q\u00eb ka vuajtur k\u00ebto n\u00eb kurriz, \u00ebsht\u00eb i thirrur me 20 shkurt \u00ebsht\u00eb shansi p\u00ebr t\u00eb k\u00ebrkuar at\u00eb q\u00eb i \u00ebsht\u00eb vjedhur. O sot, o kurr\u00eb, t\u00eb gjith\u00eb s\u00eb bashku n\u00eb Tiran\u00eb.<\/p>\n<p>Edi Raama \u00ebsht\u00eb nj\u00eb rrezik i madh p\u00ebr arsimin, ka shkat\u00ebrruar shkollat me militant\u00ebt e partis\u00eb. Ka p\u00ebrmbysur cil\u00ebsin\u00eb e arsimit.<\/p>\n<p>Shkat\u00ebrroi sistemin e sh\u00ebndet\u00ebsis\u00eb dhe \u00e7do shqiptar p\u00ebr kujdes sh\u00ebndet\u00ebsor duhet t\u00eb apguaj\u00eb dy her\u00eb m\u00eb shum\u00eb se \u00e7\u2019paguante n\u00eb vitin 2013. Duhet t\u00eb paguaj\u00eb nga xhepi 60 p\u00ebrqind t\u00eb t\u00eb gjitha shpenzimeve. Shum\u00eb prej tyre e paguajn\u00eb me jet\u00ebn e tyre pamund\u00ebsin\u00eb e mjekimit.<\/p>\n<p>\u00cbsht\u00eb koha me 20 shkurt, t\u00eb bashkohemi t\u00eb gjith\u00eb p\u00ebr t\u2019i dh\u00ebn\u00eb at\u00eb q\u00eb meriton k\u00ebsaj t\u00eb keqe t\u00eb madhe, q\u00eb e ka emrin Rilindje, q\u00eb drejtohet nga Edi Rama\u201d, u shpreh Berisha.<\/p>\n","protected":false},"excerpt":{"rendered":"<p>Kryetari i Partis\u00eb Demokratike, Sali Berisha, n\u00eb tubimin qytetar, ka folur edhe p\u00ebr afer\u00ebn m\u00eb t\u00eb re korruptive q\u00eb po i b\u00ebhet nj\u00eb tjet\u00ebr pasurie t\u00eb mbrojtur n\u00eb vendin ton\u00eb, atij t\u00eb parkut t\u00eb Divjak\u00ebs. \u201cMiqt\u00eb e mi, e nj\u00ebjta gj\u00eb po ndodh me Divjak\u00ebn. A e keni marr\u00eb vesh ju se Edi Rama po &hellip;<\/p>\n","protected":false},"author":4,"featured_media":71795,"comment_status":"closed","ping_status":"closed","sticky":false,"template":"","format":"standard","meta":{"footnotes":""},"categories":[37],"tags":[],"class_list":["post-71786","post","type-post","status-publish","format-standard","has-post-thumbnail","","category-politike"],"_links":{"self":[{"href":"https:\/\/rdnews.al\/index.php\/wp-json\/wp\/v2\/posts\/71786","targetHints":{"allow":["GET"]}}],"collection":[{"href":"https:\/\/rdnews.al\/index.php\/wp-json\/wp\/v2\/posts"}],"about":[{"href":"https:\/\/rdnews.al\/index.php\/wp-json\/wp\/v2\/types\/post"}],"author":[{"embeddable":true,"href":"https:\/\/rdnews.al\/index.php\/wp-json\/wp\/v2\/users\/4"}],"replies":[{"embeddable":true,"href":"https:\/\/rdnews.al\/index.php\/wp-json\/wp\/v2\/comments?post=71786"}],"version-history":[{"count":0,"href":"https:\/\/rdnews.al\/index.php\/wp-json\/wp\/v2\/posts\/71786\/revisions"}],"wp:featuredmedia":[{"embeddable":true,"href":"https:\/\/rdnews.al\/index.php\/wp-json\/wp\/v2\/media\/71795"}],"wp:attachment":[{"href":"https:\/\/rdnews.al\/index.php\/wp-json\/wp\/v2\/media?parent=71786"}],"wp:term":[{"taxonomy":"category","embeddable":true,"href":"https:\/\/rdnews.al\/index.php\/wp-json\/wp\/v2\/categories?post=71786"},{"taxonomy":"post_tag","embeddable":true,"href":"https:\/\/rdnews.al\/index.php\/wp-json\/wp\/v2\/tags?post=71786"}],"curies":[{"name":"wp","href":"https:\/\/api.w.org\/{rel}","templated":true}]}}