{"id":71789,"date":"2024-02-19T18:56:51","date_gmt":"2024-02-19T18:56:51","guid":{"rendered":"https:\/\/rdnews.al\/?p=71789"},"modified":"2024-02-19T18:56:51","modified_gmt":"2024-02-19T18:56:51","slug":"protesta-rama-kerkon-strehim-tek-erdogan","status":"publish","type":"post","link":"https:\/\/rdnews.al\/index.php\/2024\/02\/19\/protesta-rama-kerkon-strehim-tek-erdogan\/","title":{"rendered":"Protesta, Rama k\u00ebrkon strehim tek Erdogan"},"content":{"rendered":"<p>N\u00eb prag t\u00eb protest\u00ebs s\u00eb 20 shkurtit, Rama k\u00ebrkon strehim tek Erdogan n\u00eb Turqi. N\u00eb panik nga p\u00ebrballja me popullin e revoltuar, Rama zgjedh t\u00eb largohet nga Shqip\u00ebria. <\/p>\n<p>Rama pritet t\u00eb takohet me Presidentin turk, Rexhep Taip Erdogan.<\/p>\n<p>Nd\u00ebrsa shoq\u00ebrohet n\u00eb k\u00ebt\u00eb vizit\u00eb nga ministri i Jasht\u00ebm, Igli Hasani, pritet t\u00eb n\u00ebnshkruhen edhe disa marr\u00ebveshje midis dy vendeve.<\/p>\n","protected":false},"excerpt":{"rendered":"<p>N\u00eb prag t\u00eb protest\u00ebs s\u00eb 20 shkurtit, Rama k\u00ebrkon strehim tek Erdogan n\u00eb Turqi. N\u00eb panik nga p\u00ebrballja me popullin e revoltuar, Rama zgjedh t\u00eb largohet nga Shqip\u00ebria. Rama pritet t\u00eb takohet me Presidentin turk, Rexhep Taip Erdogan. Nd\u00ebrsa shoq\u00ebrohet n\u00eb k\u00ebt\u00eb vizit\u00eb nga ministri i Jasht\u00ebm, Igli Hasani, pritet t\u00eb n\u00ebnshkruhen edhe disa marr\u00ebveshje &hellip;<\/p>\n","protected":false},"author":3,"featured_media":0,"comment_status":"closed","ping_status":"closed","sticky":false,"template":"","format":"standard","meta":{"footnotes":""},"categories":[37],"tags":[],"class_list":["post-71789","post","type-post","status-publish","format-standard","","category-politike"],"_links":{"self":[{"href":"https:\/\/rdnews.al\/index.php\/wp-json\/wp\/v2\/posts\/71789","targetHints":{"allow":["GET"]}}],"collection":[{"href":"https:\/\/rdnews.al\/index.php\/wp-json\/wp\/v2\/posts"}],"about":[{"href":"https:\/\/rdnews.al\/index.php\/wp-json\/wp\/v2\/types\/post"}],"author":[{"embeddable":true,"href":"https:\/\/rdnews.al\/index.php\/wp-json\/wp\/v2\/users\/3"}],"replies":[{"embeddable":true,"href":"https:\/\/rdnews.al\/index.php\/wp-json\/wp\/v2\/comments?post=71789"}],"version-history":[{"count":0,"href":"https:\/\/rdnews.al\/index.php\/wp-json\/wp\/v2\/posts\/71789\/revisions"}],"wp:attachment":[{"href":"https:\/\/rdnews.al\/index.php\/wp-json\/wp\/v2\/media?parent=71789"}],"wp:term":[{"taxonomy":"category","embeddable":true,"href":"https:\/\/rdnews.al\/index.php\/wp-json\/wp\/v2\/categories?post=71789"},{"taxonomy":"post_tag","embeddable":true,"href":"https:\/\/rdnews.al\/index.php\/wp-json\/wp\/v2\/tags?post=71789"}],"curies":[{"name":"wp","href":"https:\/\/api.w.org\/{rel}","templated":true}]}}