{"id":71790,"date":"2024-02-19T18:54:53","date_gmt":"2024-02-19T18:54:53","guid":{"rendered":"https:\/\/rdnews.al\/?p=71790"},"modified":"2024-02-19T18:54:53","modified_gmt":"2024-02-19T18:54:53","slug":"berisha-neser-ne-shkojme-ne-proteste-te-bashkuar-shkojme-me-te-forte-se-kurre","status":"publish","type":"post","link":"https:\/\/rdnews.al\/index.php\/2024\/02\/19\/berisha-neser-ne-shkojme-ne-proteste-te-bashkuar-shkojme-me-te-forte-se-kurre\/","title":{"rendered":"Berisha: Nes\u00ebr ne shkojm\u00eb n\u00eb protest\u00eb t\u00eb bashkuar, shkojm\u00eb m\u00eb t\u00eb fort\u00eb se kurr\u00eb!"},"content":{"rendered":"<p>Kryetari i PD Sali Berisha tha se, nes\u00ebr ne shkojm\u00eb n\u00eb protest\u00eb t\u00eb bashkuar, shkojm\u00eb m\u00eb t\u00eb fort\u00eb se kurr\u00eb! Berisha tha se, do t\u00eb shkojm\u00eb t\u00eb gjith\u00eb t\u00eb bashkuar n\u00eb protest\u00ebn e 20 shkurtit. Ai b\u00ebri thirrje p\u00ebr pjes\u00ebmarrje masive n\u00eb protest\u00ebn e nes\u00ebrme.<\/p>\n<p>\u201cEdi Rama \u00ebsht\u00eb nj\u00eb rrezik i madh p\u00ebr demokracin\u00eb.<\/p>\n<p>Nuk e themi ne, e thon\u00eb raportet e OSBE-s\u00eb. Ky vjedh vot\u00ebn, ku blen vot\u00ebn.<\/p>\n<p>A \u00ebsht\u00eb pluraliz\u00ebm kur kryetari i opozit\u00ebs ndalohet, i ndalohet emri n\u00eb flet\u00ebn e votimit?<\/p>\n<p>A \u00ebsht\u00eb pluraliz\u00ebm kur vula e partis\u00eb m\u00eb t\u00eb madhe opozitare mbahet peng me mercenar\u00eb t\u00eb drejt\u00ebsis\u00eb?<\/p>\n<p>A \u00ebsht\u00eb pluraliz\u00ebm kur lideri i opozit\u00ebs arrestohet nj\u00eblloj si n\u00eb Iran, Rusi, Koren\u00eb e Veriut apo n\u00eb Ugand\u00eb?<\/p>\n<p>A \u00ebsht\u00eb pluraliz\u00ebm kur n\u00eb parlament ndalohen komisionet hetimore, e drejta p\u00ebr t\u00eb propozuar ligje, e drejta p\u00ebr t\u00eb zgjedhur kryetarin grupi i opozit\u00ebs?<\/p>\n<p>Jo, kjo nuk \u00ebsht\u00eb pluraliz\u00ebm, kjo \u00ebsht\u00eb diktatur\u00eb.<\/p>\n<p>Prandaj nj\u00eb thirrje komb\u00ebtare k\u00ebsaj here, nj\u00eb thirrje q\u00eb shkon p\u00ebr nd\u00ebrgjegjen komb\u00ebtare t\u00eb \u00e7do njeriu q\u00eb ka gjak shqiptari, m\u00eb 20 shkurt t\u00eb dal\u00eb n\u00eb protest\u00eb p\u00ebr demokracin\u00eb, p\u00ebr pluralizmin, p\u00ebr lirin\u00eb.<\/p>\n<p>Edi Rama \u00ebsht\u00eb rrezik i madh p\u00ebr kombin shqiptar, k\u00ebt\u00eb e ka denoncuar opozita, por k\u00ebt\u00eb e provoi shum\u00eb mir\u00eb regjistrimi i popullat\u00ebs. Ky regjim, ky narkoshtet p\u00ebrgjysmoi si murtaj\u00eb popullat\u00ebn n\u00eb Shqip\u00ebri, sa asnj\u00eb pushtim tjet\u00ebr, sa asnj\u00eb m\u00ebnxyr\u00eb tjet\u00ebr, kjo vet\u00ebm p\u00ebr shkak t\u00eb dhunimit t\u00eb vot\u00ebs, vjedhjes s\u00eb fondeve dhe pasurive publike.<\/p>\n<p>Edi Rama \u00ebsht\u00eb rrezik madhor p\u00ebr kombin shqiptar se ai \u00ebsht\u00eb d\u00ebshmuar nj\u00eb armik i eg\u00ebr, primitiv, i pabes\u00eb ndaj gjysm\u00ebs s\u00eb kombit q\u00eb jeton n\u00eb Kosov\u00eb, n\u00eb nj\u00eb shtet tjet\u00ebr t\u00eb pavarur.<\/p>\n<p>Kurr\u00eb nuk duhet t\u00eb pranojm\u00eb nj\u00eb kryeminist\u00ebr t\u00eb till\u00eb, ndaj dhe nes\u00ebr \u00ebsht\u00eb dita q\u00eb shqiptar\u00ebt t\u00eb flasin n\u00eb em\u00ebr t\u00eb kombit t\u00eb tyre: o sot, o kurr\u00eb.<\/p>\n<p>Miq, k\u00ebto dy vite pam\u00eb shum\u00eb gj\u00ebra, pam\u00eb Rrajat q\u00eb thyenin shkopinj bejsbolli mbi kafka qytetar\u00ebsh dhe se si gjykatat i shpall\u00ebn plagosje t\u00eb lehta.<\/p>\n<p>Pam\u00eb arrestimin pa prova dhe fakte t\u00eb kreut t\u00eb opozit\u00ebs, vet\u00ebm pse \u00ebsht\u00eb n\u00eb hetim.<\/p>\n<p>Pam\u00eb gard\u00ebn q\u00eb ndalon deputet\u00ebt e opozit\u00ebs t\u00eb kryejn\u00eb detyr\u00ebn e tyre.<\/p>\n<p>Prandaj me 20 shkurt ne do k\u00ebrkojm\u00eb llogari p\u00ebr \u00e7do dit\u00eb t\u00eb zez\u00eb t\u00eb k\u00ebsaj dekade shkat\u00ebrrimtare.<\/p>\n<p>Ne do fitojm\u00eb.<\/p>\n<p>T\u00eb dashur miq, nes\u00ebr m\u00eb 20 shkurt, ne shkojm\u00eb t\u00eb bashkuar, shkojm\u00eb m\u00eb t\u00eb fort\u00eb se kurr\u00eb.<\/p>\n<p>Mos harroni se \u00e7far\u00eb p\u00ebrpjekjesh primitive, antidemokratike, antishqiptare u b\u00ebn\u00eb q\u00eb t\u00eb na p\u00ebr\u00e7anin, t\u00eb na b\u00ebnin cop\u00eb e \u00e7ik\u00eb, vet\u00ebm e vet\u00ebm pse q\u00ebndronim n\u00eb mbrojtje t\u00eb interesit komb\u00ebtar, n\u00eb mbrojtje t\u00eb interesit shqiptar, n\u00eb mbrojtje t\u00eb pasurive t\u00eb tyre, n\u00eb mbrojtje t\u00eb financave t\u00eb tyre\u201d, u shpreh Berisha.<\/p>\n","protected":false},"excerpt":{"rendered":"<p>Kryetari i PD Sali Berisha tha se, nes\u00ebr ne shkojm\u00eb n\u00eb protest\u00eb t\u00eb bashkuar, shkojm\u00eb m\u00eb t\u00eb fort\u00eb se kurr\u00eb! Berisha tha se, do t\u00eb shkojm\u00eb t\u00eb gjith\u00eb t\u00eb bashkuar n\u00eb protest\u00ebn e 20 shkurtit. Ai b\u00ebri thirrje p\u00ebr pjes\u00ebmarrje masive n\u00eb protest\u00ebn e nes\u00ebrme. \u201cEdi Rama \u00ebsht\u00eb nj\u00eb rrezik i madh p\u00ebr demokracin\u00eb. Nuk &hellip;<\/p>\n","protected":false},"author":4,"featured_media":70138,"comment_status":"closed","ping_status":"closed","sticky":false,"template":"","format":"standard","meta":{"footnotes":""},"categories":[37],"tags":[],"class_list":["post-71790","post","type-post","status-publish","format-standard","has-post-thumbnail","","category-politike"],"_links":{"self":[{"href":"https:\/\/rdnews.al\/index.php\/wp-json\/wp\/v2\/posts\/71790","targetHints":{"allow":["GET"]}}],"collection":[{"href":"https:\/\/rdnews.al\/index.php\/wp-json\/wp\/v2\/posts"}],"about":[{"href":"https:\/\/rdnews.al\/index.php\/wp-json\/wp\/v2\/types\/post"}],"author":[{"embeddable":true,"href":"https:\/\/rdnews.al\/index.php\/wp-json\/wp\/v2\/users\/4"}],"replies":[{"embeddable":true,"href":"https:\/\/rdnews.al\/index.php\/wp-json\/wp\/v2\/comments?post=71790"}],"version-history":[{"count":0,"href":"https:\/\/rdnews.al\/index.php\/wp-json\/wp\/v2\/posts\/71790\/revisions"}],"wp:featuredmedia":[{"embeddable":true,"href":"https:\/\/rdnews.al\/index.php\/wp-json\/wp\/v2\/media\/70138"}],"wp:attachment":[{"href":"https:\/\/rdnews.al\/index.php\/wp-json\/wp\/v2\/media?parent=71790"}],"wp:term":[{"taxonomy":"category","embeddable":true,"href":"https:\/\/rdnews.al\/index.php\/wp-json\/wp\/v2\/categories?post=71790"},{"taxonomy":"post_tag","embeddable":true,"href":"https:\/\/rdnews.al\/index.php\/wp-json\/wp\/v2\/tags?post=71790"}],"curies":[{"name":"wp","href":"https:\/\/api.w.org\/{rel}","templated":true}]}}