{"id":71799,"date":"2024-02-19T19:08:01","date_gmt":"2024-02-19T19:08:01","guid":{"rendered":"https:\/\/rdnews.al\/?p=71799"},"modified":"2024-02-19T19:08:01","modified_gmt":"2024-02-19T19:08:01","slug":"erges-eskiu-thirrje-mjekeve-infermiereve-dhe-farmacisteve-neser-bashkohuni-ne-proteste","status":"publish","type":"post","link":"https:\/\/rdnews.al\/index.php\/2024\/02\/19\/erges-eskiu-thirrje-mjekeve-infermiereve-dhe-farmacisteve-neser-bashkohuni-ne-proteste\/","title":{"rendered":"Erges Eskiu thirrje mjek\u00ebve, infermier\u00ebve dhe farmacist\u00ebve: Nes\u00ebr bashkohuni n\u00eb protest\u00eb!"},"content":{"rendered":"<p>Edhe mbr\u00ebmjen e sotme qindra qytetar\u00eb dhe eksponent\u00eb t\u00eb PD jan\u00eb mbledhur p\u00ebr t\u00eb protestuar para banes\u00ebs s\u00eb liderit t\u00eb opozit\u00ebs Sali Berisha.<\/p>\n<p>Mjeku Erges Eskiu, gjat\u00eb fjal\u00ebs s\u00eb tij u b\u00ebri thirrje mjek\u00ebve, infermier\u00ebve dhe farmacist\u00ebve t\u00eb bashkohen n\u00eb 20 shkurt n\u00eb protest\u00eb, dhe t\u00eb mos lejojn\u00eb q\u00eb hajdut\u00ebt dhe t\u00eb pashkolluarit t\u2019i largojn\u00eb nga vendi i tyre.<\/p>\n<p>\u201cSot, nuk ka demokrat, komunist, spiun \u00a0dhe patronazhist q\u00eb nuk e beson se k\u00ebt\u00eb diktatur\u00eb nuk e \u00a0beson se k\u00ebt\u00eb diktatur\u00eb do e shkulim me rr\u00ebnj\u00eb, Un\u00eb jam personel sh\u00ebndet\u00ebsor, jam logoped. Por edhe fizioterapist\u00ebve, stomatolog\u00ebve dhe farmacist\u00ebve, me taks\u00ebn e re po iu thuhet ikni dhe ju se s\u2019na duheni, Ky hajduti mendon se do na p\u00ebrz\u00ebr nga shpit\u00eb tona, por jemi ne q\u00eb do\u00a0e p\u00ebrz\u00ebm\u00eb at\u00eb.<\/p>\n<p>Mjek\u00ebt dhe infermier\u00ebt jan\u00eb ata q\u00eb kan\u00eb statusin m\u00eb t\u00eb ve\u00e7ant\u00eb n\u00eb shoq\u00ebri sepse sh\u00ebrojn\u00eb plag\u00ebn e secilit prej nesh, por nuk e kan\u00eb v\u00ebmendjen e shtetit, pasi t\u00eb pashkolluarit nuk e duan shkoll\u00ebn dhe njer\u00ebzit\u00a0 e ndersh\u00ebm, duan hajdut\u00ebt dhe t\u00eb korruptuarit. Ju b\u00ebj thirrje mjek\u00ebve t\u00eb bashkohen n\u00eb protest\u00eb. Nuk ka forc\u00eb n\u00eb k\u00ebt\u00eb bot\u00eb q\u00eb mund t\u2019ju shkel me k\u00ebmb\u00eb p\u00ebrsa koh\u00eb ju nuk e ulni kok\u00ebn\u201d, tha ai.<\/p>\n","protected":false},"excerpt":{"rendered":"<p>Edhe mbr\u00ebmjen e sotme qindra qytetar\u00eb dhe eksponent\u00eb t\u00eb PD jan\u00eb mbledhur p\u00ebr t\u00eb protestuar para banes\u00ebs s\u00eb liderit t\u00eb opozit\u00ebs Sali Berisha. Mjeku Erges Eskiu, gjat\u00eb fjal\u00ebs s\u00eb tij u b\u00ebri thirrje mjek\u00ebve, infermier\u00ebve dhe farmacist\u00ebve t\u00eb bashkohen n\u00eb 20 shkurt n\u00eb protest\u00eb, dhe t\u00eb mos lejojn\u00eb q\u00eb hajdut\u00ebt dhe t\u00eb pashkolluarit t\u2019i largojn\u00eb &hellip;<\/p>\n","protected":false},"author":4,"featured_media":71800,"comment_status":"closed","ping_status":"closed","sticky":false,"template":"","format":"standard","meta":{"footnotes":""},"categories":[37],"tags":[],"class_list":["post-71799","post","type-post","status-publish","format-standard","has-post-thumbnail","","category-politike"],"_links":{"self":[{"href":"https:\/\/rdnews.al\/index.php\/wp-json\/wp\/v2\/posts\/71799","targetHints":{"allow":["GET"]}}],"collection":[{"href":"https:\/\/rdnews.al\/index.php\/wp-json\/wp\/v2\/posts"}],"about":[{"href":"https:\/\/rdnews.al\/index.php\/wp-json\/wp\/v2\/types\/post"}],"author":[{"embeddable":true,"href":"https:\/\/rdnews.al\/index.php\/wp-json\/wp\/v2\/users\/4"}],"replies":[{"embeddable":true,"href":"https:\/\/rdnews.al\/index.php\/wp-json\/wp\/v2\/comments?post=71799"}],"version-history":[{"count":0,"href":"https:\/\/rdnews.al\/index.php\/wp-json\/wp\/v2\/posts\/71799\/revisions"}],"wp:featuredmedia":[{"embeddable":true,"href":"https:\/\/rdnews.al\/index.php\/wp-json\/wp\/v2\/media\/71800"}],"wp:attachment":[{"href":"https:\/\/rdnews.al\/index.php\/wp-json\/wp\/v2\/media?parent=71799"}],"wp:term":[{"taxonomy":"category","embeddable":true,"href":"https:\/\/rdnews.al\/index.php\/wp-json\/wp\/v2\/categories?post=71799"},{"taxonomy":"post_tag","embeddable":true,"href":"https:\/\/rdnews.al\/index.php\/wp-json\/wp\/v2\/tags?post=71799"}],"curies":[{"name":"wp","href":"https:\/\/api.w.org\/{rel}","templated":true}]}}