{"id":71812,"date":"2024-02-20T09:29:14","date_gmt":"2024-02-20T09:29:14","guid":{"rendered":"https:\/\/rdnews.al\/?p=71812"},"modified":"2024-02-20T09:29:14","modified_gmt":"2024-02-20T09:29:14","slug":"mos-i-mungoni-historise","status":"publish","type":"post","link":"https:\/\/rdnews.al\/index.php\/2024\/02\/20\/mos-i-mungoni-historise\/","title":{"rendered":"Mos i mungoni historis\u00eb!"},"content":{"rendered":"<p><strong>Nga\u00a0Lu\u00e7iano BO\u00c7I<\/strong><\/p>\n<p>Qytetar\u00eb sot \u00ebsht\u00eb dita juaj!<\/p>\n<p>Dita e s\u00eb v\u00ebrtet\u00ebs!<\/p>\n<p>Griseni heshtjen dhe bashkohuni me ne p\u00ebr t\u00eb thirrur lirit\u00eb e t\u00eb drejtat tuaja.<\/p>\n<p>P\u00ebr t\u00eb k\u00ebrkuar dinjitet, mir\u00ebq\u00ebnie e demokraci!<\/p>\n<p>P\u00ebr t\u00eb nisur s\u00eb bashku nd\u00ebrtimin e nj\u00eb t\u00eb sotme dhe t\u00eb ardhme q\u00eb na duhet dhe e meritojm\u00eb.<\/p>\n<p>P\u00ebr nj\u00eb vend:<\/p>\n<p>-Pa shpopullim<\/p>\n<p>-Pa korrupsion<\/p>\n<p>-Pa krim<\/p>\n<p>-Pa autokraci<\/p>\n<p>Largojeni apatin\u00eb dhe hajdeni me ne n\u00eb bulevard, t\u00eb themi t\u00eb v\u00ebrtetat tona dhe me ato t\u00eb nisim t\u00eb nd\u00ebrtojm\u00eb Shqip\u00ebrin\u00eb ton\u00eb:<\/p>\n<p>-Ku ka arsim cil\u00ebsor<\/p>\n<p>-Sh\u00ebndet\u00ebsi p\u00ebr \u00e7do njeri<\/p>\n<p>-Siguri e rend<\/p>\n<p>-Ka g\u00ebzim jete<\/p>\n<p>-Dhe shpres\u00eb pa fund<\/p>\n<p>Revoltohuni qytetar\u00eb!<\/p>\n<p>-T\u00eb fitojm\u00eb krenarin\u00eb ton\u00eb<\/p>\n<p>-T\u00eb fitojm\u00eb lirin\u00eb politike t\u00eb vot\u00ebs<\/p>\n<p>-T\u00eb fitojm\u00eb opozit\u00ebn e bashkuar<\/p>\n<p>-T\u00eb fitojm\u00eb familjet tona<\/p>\n<p>-T\u00eb fitojm\u00eb vendin ton\u00eb<\/p>\n<p>Mos mungoni n\u00eb dit\u00ebn tuaj!<\/p>\n<p>\u00cbsht\u00eb dita p\u00ebr t\u00eb ngritur n\u00eb pjedestal NJERIUN dhe shembur IDHUJT e rrem\u00eb!<\/p>\n<p>SOT N\u00cb 20 SHKURT, N\u00cb 17.30 N\u00cb BULEVARDIN \u201cD\u00cbSHMOR\u00cbT E KOMBIT\u201d<\/p>\n","protected":false},"excerpt":{"rendered":"<p>Nga\u00a0Lu\u00e7iano BO\u00c7I Qytetar\u00eb sot \u00ebsht\u00eb dita juaj! Dita e s\u00eb v\u00ebrtet\u00ebs! Griseni heshtjen dhe bashkohuni me ne p\u00ebr t\u00eb thirrur lirit\u00eb e t\u00eb drejtat tuaja. P\u00ebr t\u00eb k\u00ebrkuar dinjitet, mir\u00ebq\u00ebnie e demokraci! P\u00ebr t\u00eb nisur s\u00eb bashku nd\u00ebrtimin e nj\u00eb t\u00eb sotme dhe t\u00eb ardhme q\u00eb na duhet dhe e meritojm\u00eb. P\u00ebr nj\u00eb vend: -Pa &hellip;<\/p>\n","protected":false},"author":4,"featured_media":17251,"comment_status":"closed","ping_status":"closed","sticky":false,"template":"","format":"standard","meta":{"footnotes":""},"categories":[44],"tags":[],"class_list":["post-71812","post","type-post","status-publish","format-standard","has-post-thumbnail","","category-editorial"],"_links":{"self":[{"href":"https:\/\/rdnews.al\/index.php\/wp-json\/wp\/v2\/posts\/71812","targetHints":{"allow":["GET"]}}],"collection":[{"href":"https:\/\/rdnews.al\/index.php\/wp-json\/wp\/v2\/posts"}],"about":[{"href":"https:\/\/rdnews.al\/index.php\/wp-json\/wp\/v2\/types\/post"}],"author":[{"embeddable":true,"href":"https:\/\/rdnews.al\/index.php\/wp-json\/wp\/v2\/users\/4"}],"replies":[{"embeddable":true,"href":"https:\/\/rdnews.al\/index.php\/wp-json\/wp\/v2\/comments?post=71812"}],"version-history":[{"count":0,"href":"https:\/\/rdnews.al\/index.php\/wp-json\/wp\/v2\/posts\/71812\/revisions"}],"wp:featuredmedia":[{"embeddable":true,"href":"https:\/\/rdnews.al\/index.php\/wp-json\/wp\/v2\/media\/17251"}],"wp:attachment":[{"href":"https:\/\/rdnews.al\/index.php\/wp-json\/wp\/v2\/media?parent=71812"}],"wp:term":[{"taxonomy":"category","embeddable":true,"href":"https:\/\/rdnews.al\/index.php\/wp-json\/wp\/v2\/categories?post=71812"},{"taxonomy":"post_tag","embeddable":true,"href":"https:\/\/rdnews.al\/index.php\/wp-json\/wp\/v2\/tags?post=71812"}],"curies":[{"name":"wp","href":"https:\/\/api.w.org\/{rel}","templated":true}]}}