{"id":71814,"date":"2024-02-20T09:31:59","date_gmt":"2024-02-20T09:31:59","guid":{"rendered":"https:\/\/rdnews.al\/?p=71814"},"modified":"2024-02-20T09:31:59","modified_gmt":"2024-02-20T09:31:59","slug":"pse-duhet-te-jemi-sot-ne-proteste","status":"publish","type":"post","link":"https:\/\/rdnews.al\/index.php\/2024\/02\/20\/pse-duhet-te-jemi-sot-ne-proteste\/","title":{"rendered":"Pse duhet t\u00eb jemi sot n\u00eb protest\u00eb"},"content":{"rendered":"<p><strong>Nga\u00a0Enver BYTY\u00c7I<\/strong><\/p>\n<ol>\n<li>Sepse nuk duam m\u00eb t\u00eb vazhdoj\u00eb braktisja e Shqip\u00ebris\u00eb. Duam ta ndalojm\u00eb hemoragjin\u00eb komb\u00ebtare t\u00eb emigrimit dhe shpopullimit!<\/li>\n<li>Sepse duam q\u00eb t\u00eb ringrihen tri shtyllat e shtetit: &#8211; Arsimi, sh\u00ebndet\u00ebsia dhe administrata publike!<\/li>\n<li>Sepse nuk duam nj\u00eb vend pa opozit\u00eb, me institucione shtet\u00ebrore n\u00eb duart e nj\u00eb njeriu. Ne shqiptar\u00ebt i kemi vuajtur pasojat e diktatur\u00ebs dhe nuk mund t\u00eb lejojm\u00eb t\u00eb rikthehet ajo n\u00eb em\u00ebr t\u00eb stabilokracis\u00eb!<\/li>\n<li>Sepse duam drejt\u00ebsi. Drejt\u00ebsi sidomos n\u00eb luft\u00ebn kund\u00ebr korrupsionit, mafies dhe krimit t\u00eb organizuar. Pra drejt\u00ebsi e luft\u00eb pa kompromis kund\u00ebr t\u00eb keqes q\u00eb e ka mb\u00ebrthyer p\u00ebr gryke regjimin e sot\u00ebm!<\/li>\n<li>Sepse duam barazi. Barazi n\u00eb dinjitet, barazi n\u00eb integritet, barazi n\u00eb votim, barazi n\u00eb shp\u00ebrndarjen e t\u00eb mirave materiale dhe fondeve publike, barazi dhe drejt\u00ebsi n\u00eb shanse!<\/li>\n<li>Sepse duam liri! Liri t\u00eb fjal\u00ebs e t\u00eb mendimit, liri t\u00eb shprehjes n\u00eb medie, liri t\u00eb kritik\u00ebs e t\u00eb kontrollit t\u00eb institucioneve t\u00eb shtetit, sidomos ekzekutivit, liri n\u00eb zgjedhjet politike, por edhe n\u00eb zgjedhjet personale p\u00ebr ta nd\u00ebrtuar vet\u00eb jet\u00eb ton\u00eb!<\/li>\n<li>Sepse duam demokraci! Demokraci n\u00eb ndarjen e pushteteve dhe funksionimin e pavarur t\u00eb tyre! Demokraci n\u00eb pjesmarrjen e drejtp\u00ebrdrejt\u00eb n\u00eb qeverisje p\u00ebrmes referendumeve. Demokraci n\u00eb ushtrimin e funksioneve t\u00eb secilit institucion! Pra llogaridh\u00ebnie dhe jo si tani, kur ekzekutivi e shteti i k\u00ebrkojn\u00eb llogari popullit, zgjedh\u00ebsve!<\/li>\n<\/ol>\n<p>A na i siguron k\u00ebto vet\u00ebm nj\u00eb protest\u00eb? Sigurisht q\u00eb jo. Por ne duhet t\u00eb d\u00ebshmojm\u00eb se ne i duam k\u00ebto vlera t\u00eb shoq\u00ebris\u00eb njer\u00ebzore! Dhe kjo protest\u00eb duhet t\u00eb jap\u00eb mesazhin se \u00ebsht\u00eb mjet i efektsh\u00ebm p\u00ebr t\u00eb arritur k\u00ebto synime.<\/p>\n<p>A na i siguron k\u00ebto opozita q\u00eb ka thirrur protest\u00ebn? Ne duhet ta rr\u00ebzojm\u00eb k\u00ebt\u00eb regjim dhe duhet ta testojm\u00eb e paralajm\u00ebrojm\u00eb opozit\u00ebn se ne nuk do ta tolerojm\u00eb as at\u00eb nes\u00ebr n\u00eb pushtet! Vet\u00ebm duke i marr\u00eb vet\u00eb ne fatet tona n\u00eb duart tona do t\u00eb imponohemi. Por radha \u00ebsht\u00eb t&#8217;i imponohemi k\u00ebtij regjimi! Q\u00eb sot!<\/p>\n<p>Opozit\u00ebn do ta testojm\u00eb nes\u00ebr e n\u00eb \u00e7do protest\u00eb q\u00eb do t\u00eb b\u00ebhet! Nes\u00ebr do ta testojm\u00eb p\u00ebr projektin dhe k\u00ebrkesat ultimative q\u00eb do t&#8217;i b\u00ebhen regjimit kleptokratik e mafioz t\u00eb Shqip\u00ebris\u00eb.<br \/>\nMos u pajto me stabilokracin\u00eb, k\u00ebrko me ngulm lirin\u00eb dhe demokracin\u00eb! Kjo \u00ebsht\u00eb motoja dhe q\u00ebllimi yn\u00eb!<\/p>\n","protected":false},"excerpt":{"rendered":"<p>Nga\u00a0Enver BYTY\u00c7I Sepse nuk duam m\u00eb t\u00eb vazhdoj\u00eb braktisja e Shqip\u00ebris\u00eb. Duam ta ndalojm\u00eb hemoragjin\u00eb komb\u00ebtare t\u00eb emigrimit dhe shpopullimit! Sepse duam q\u00eb t\u00eb ringrihen tri shtyllat e shtetit: &#8211; Arsimi, sh\u00ebndet\u00ebsia dhe administrata publike! Sepse nuk duam nj\u00eb vend pa opozit\u00eb, me institucione shtet\u00ebrore n\u00eb duart e nj\u00eb njeriu. Ne shqiptar\u00ebt i kemi vuajtur &hellip;<\/p>\n","protected":false},"author":4,"featured_media":71251,"comment_status":"closed","ping_status":"closed","sticky":false,"template":"","format":"standard","meta":{"footnotes":""},"categories":[44],"tags":[],"class_list":["post-71814","post","type-post","status-publish","format-standard","has-post-thumbnail","","category-editorial"],"_links":{"self":[{"href":"https:\/\/rdnews.al\/index.php\/wp-json\/wp\/v2\/posts\/71814","targetHints":{"allow":["GET"]}}],"collection":[{"href":"https:\/\/rdnews.al\/index.php\/wp-json\/wp\/v2\/posts"}],"about":[{"href":"https:\/\/rdnews.al\/index.php\/wp-json\/wp\/v2\/types\/post"}],"author":[{"embeddable":true,"href":"https:\/\/rdnews.al\/index.php\/wp-json\/wp\/v2\/users\/4"}],"replies":[{"embeddable":true,"href":"https:\/\/rdnews.al\/index.php\/wp-json\/wp\/v2\/comments?post=71814"}],"version-history":[{"count":0,"href":"https:\/\/rdnews.al\/index.php\/wp-json\/wp\/v2\/posts\/71814\/revisions"}],"wp:featuredmedia":[{"embeddable":true,"href":"https:\/\/rdnews.al\/index.php\/wp-json\/wp\/v2\/media\/71251"}],"wp:attachment":[{"href":"https:\/\/rdnews.al\/index.php\/wp-json\/wp\/v2\/media?parent=71814"}],"wp:term":[{"taxonomy":"category","embeddable":true,"href":"https:\/\/rdnews.al\/index.php\/wp-json\/wp\/v2\/categories?post=71814"},{"taxonomy":"post_tag","embeddable":true,"href":"https:\/\/rdnews.al\/index.php\/wp-json\/wp\/v2\/tags?post=71814"}],"curies":[{"name":"wp","href":"https:\/\/api.w.org\/{rel}","templated":true}]}}