{"id":71816,"date":"2024-02-20T09:51:19","date_gmt":"2024-02-20T09:51:19","guid":{"rendered":"https:\/\/rdnews.al\/?p=71816"},"modified":"2024-02-20T09:51:27","modified_gmt":"2024-02-20T09:51:27","slug":"o-sot-o-kurre-arsyet-pse-duhet-protestuar-sot","status":"publish","type":"post","link":"https:\/\/rdnews.al\/index.php\/2024\/02\/20\/o-sot-o-kurre-arsyet-pse-duhet-protestuar-sot\/","title":{"rendered":"\u201cO sot, o kurr\u00eb\u201d! Arsyet pse duhet protestuar sot"},"content":{"rendered":"<p>20 shkurti sh\u00ebnon jo vet\u00ebm 33-vjetorin e r\u00ebnies s\u00eb bustit t\u00eb diktatorit Enver Hoxha, por edhe protest\u00ebn komb\u00ebtare t\u00eb thirrur nga opozita.<\/p>\n<p>Protesta do t\u00eb mbahet para kryeministris\u00eb n\u00eb or\u00ebn 17:30.<\/p>\n<p>Vet\u00eb kryeministri Edi Rama nuk do t\u00eb jet\u00eb n\u00eb Tiran\u00eb, pasi do t\u00eb udh\u00ebtoj\u00eb drejt Turqis\u00eb, me ftes\u00eb t\u00eb presidentit turk Recep Tayyip Erdogan.<\/p>\n<p>Deputet\u00ebt e opozit\u00ebs kan\u00eb paralajm\u00ebruar pjes\u00ebmarrje masive n\u00eb protest\u00eb, nd\u00ebrsa i kan\u00eb b\u00ebr\u00eb thirrje shqiptar\u00ebve t\u00eb ngrihen dhe t\u00eb rr\u00ebzojn\u00eb regjimin Rama.<\/p>\n<p>Opozita ka renditur edhe 20 arsyet pse duhet q\u00eb \u00e7do qytetar i Shqip\u00ebris\u00eb t\u00eb protestoj\u00eb sot para kryeministris\u00eb.<\/p>\n<p><em>Le t\u00eb bashkohemi kund\u00ebr:<\/em><\/p>\n<p>1.VJEDHJES S\u00cb SHEKULLIT me firm\u00ebn e Edi Ram\u00ebs dhe Erion Veliajt jan\u00eb paguar 130 milion euro dhe djeg\u00ebsi nuk ekziston. K\u00ebto para jan\u00eb vjedhur dhe vjedhja vazhdon akoma sot!<\/p>\n<p>2.VJEDHJES S\u00cb DYT\u00cb T\u00cb SHEKULLIT me Sterilizimin: Jan\u00eb vjedhur 79 milion\u00eb euro. Kostot u rrit\u00ebn 80 her\u00eb. Jan\u00eb mij\u00ebra jet\u00eb t\u00eb humbura sepse nuk u operuan prej kostos s\u00eb lart\u00eb t\u00eb operacioneve.<\/p>\n<p>3.VJEDHJA E PORTIT T\u00cb DURR\u00cbSIT: Toka publike prej 4 miliard\u00eb euro e portit t\u00eb Durr\u00ebsit merret falas nga Edi Rama dhe arabi i tij p\u00ebr t\u00eb nd\u00ebrtuar Dubain, parajs\u00ebn e tyre.<\/p>\n<p>4.I VJEDHJES ME PUN\u00cbT PUBLIKE: Kostot e rrug\u00ebve dhe shkollave, 10 her\u00eb m\u00eb t\u00eb larta se n\u00eb Bashkimin Europian.<\/p>\n<p>5.I VJEDHJES ME PPP-t\u00eb: Kontrolli i Lart\u00eb i Shtetit ka konstatuar 633 milion\u00eb euro abuzime.<\/p>\n<p>6.VJEDHJET P\u00cbR LUKS: Edi Rama n\u00eb 18 muaj ka b\u00ebr\u00eb 140 udh\u00ebtime me avionin e tij dhe ka shpenzuar 21 Milion\u00eb Euro nga taksat e qytetar\u00ebve. Do llahtariset \u00e7do njeri kur t\u00eb mesoj\u00eb se \u00e7far\u00eb transportohej n\u00eb keto udh\u00ebtime me avionin e tij.<\/p>\n<p>7.SKANDALIT T\u00cb SHEKULLIT RAMA-MCGONIGAL: Edi Rama ka korruptuar nj\u00eb nd\u00ebr funksionar\u00ebt m\u00eb t\u00eb lart\u00eb t\u00eb partnerit ton\u00eb kryesor strategjik, SHBA. McGonigal ka pranuar faj\u00ebsin\u00eb p\u00ebr dosjen shqiptare!<\/p>\n<p>8.DREJT\u00cbSIA E KORRUPTUAR: Emri i Edi Ram\u00ebs dhe Erion Veliajt nuk p\u00ebrmenden asnj\u00eb her\u00eb n\u00eb dosjen e incenerator\u00ebve!<\/p>\n<p>9.KRYEMINISTRI I KORRUPTUAR: P\u00ebr t\u00eb par\u00ebn her\u00eb, zv.kryeministri denoncon publikisht kryeministrin se e ka k\u00ebrc\u00ebnuar me jet\u00eb!<\/p>\n<p>10.P\u00cbRGJIMET SKY ECC: Rama dhe ministrat e tij jan\u00eb kapur n\u00eb p\u00ebrgjimet e telefonave t\u00eb enkriptuar, n\u00eb mij\u00ebra ore biseda me bos\u00eb t\u00eb krimit n\u00eb Shqip\u00ebri dhe n\u00eb bot\u00eb.<\/p>\n<p>11.SHKATERRIMI I DREJT\u00cbSIS\u00cb: Arrestohet lideri i opozit\u00ebs s\u00eb Shqip\u00ebris\u00eb dhe i mohohet fjala e lir\u00eb. Pa asnj\u00eb prov\u00eb, pa asnj\u00eb akuz\u00eb. Vet\u00ebm duke qen\u00eb n\u00eb hetim!<\/p>\n<p>12.SHKAT\u00cbRRIMI I PARLAMENTIT: Deputet\u00ebve opozitar\u00eb u jan\u00eb ndaluar t\u00eb drejtat kushtetuese. Komisionet hetimore, propozimi i ligjeve, zgjedhja e kryetarit, nd\u00ebr t\u00eb tjera.<\/p>\n<p>13.SHKAT\u00cbRRIMI I PLURALIZMIT: Kryetarit t\u00eb opozit\u00ebs i ndalohet emri n\u00eb flet\u00ebn e votimit. Vula e partis\u00eb m\u00eb t\u00eb madhe opozitare mbahet peng nga gjykatat. Raporti i OSBE ODIHR p\u00ebrmbys zgjedhjet e Majit 2023.<\/p>\n<p>14.SHKAT\u00cbRRIMI I ARSIMIT: PISA raportoi se n\u00eb arsim, Shqip\u00ebria ka r\u00ebnien m\u00eb t\u00eb madhe n\u00eb bot\u00eb.<\/p>\n<p>15.PAGAT M\u00cb T\u00cb UL\u00cbTA N\u00cb RAJON: P\u00ebr 10 vite pagat e shqiptar\u00ebve ishin ngrir\u00eb.<\/p>\n<p>16.\u00c7MIMET M\u00cb T\u00cb LARTA N\u00cb EUROP\u00cb: Sipas Eurostat, shqiptar\u00ebt kan\u00eb \u00e7mimet m\u00eb t\u00eb larta n\u00eb Europ\u00eb!<\/p>\n<p>17.STUDENT\u00cbT E HARRUAR: Student\u00ebt paguajn\u00eb qirat\u00eb m\u00eb t\u00eb larta n\u00eb Europ\u00eb. \u00c7mimin m\u00eb t\u00eb lart\u00eb p\u00ebr arsim. Dhe kan\u00eb kushtet m\u00eb t\u00eb k\u00ebqija t\u00eb jetes\u00ebs.<\/p>\n<p>18.FERMER\u00cbT E HARRUAR: Fermer\u00ebt shqiptar\u00eb po falimentojn\u00eb. 31 milion\u00eb euro p\u00ebr subvencione do t\u00eb thot\u00eb falimentim i fermer\u00ebve dhe d\u00ebbimi i tyre nga Shqip\u00ebria!<\/p>\n<p>19.PENSIONIST\u00cbT E HARRUAR: Pensionet nuk dalin as p\u00ebr t\u00eb paguar barnat! Qeveria ka bllokuar ligjin e propozuar nga opozita p\u00ebr minimunim jetik, e cila zgjidh k\u00ebt\u00eb problem.<\/p>\n<p>20.SHQIP\u00cbRIA PO SHPOPULLOHET: Rezultatet e censusit mbahen t\u00eb fshehura sepse e v\u00ebrteta \u00ebsht\u00eb katastrofike; rreth 1.4 milion\u00eb shqiptar\u00eb kan\u00eb mbetur n\u00eb Shqip\u00ebri. Nuk \u00ebsht\u00eb Korea e Veriut. Nuk \u00ebsht\u00eb Rusia. Nuk \u00ebsht\u00eb Bjellorusia. \u00cbsht\u00eb Shqip\u00ebria e Edi Ram\u00ebs.<\/p>\n","protected":false},"excerpt":{"rendered":"<p>20 shkurti sh\u00ebnon jo vet\u00ebm 33-vjetorin e r\u00ebnies s\u00eb bustit t\u00eb diktatorit Enver Hoxha, por edhe protest\u00ebn komb\u00ebtare t\u00eb thirrur nga opozita. Protesta do t\u00eb mbahet para kryeministris\u00eb n\u00eb or\u00ebn 17:30. Vet\u00eb kryeministri Edi Rama nuk do t\u00eb jet\u00eb n\u00eb Tiran\u00eb, pasi do t\u00eb udh\u00ebtoj\u00eb drejt Turqis\u00eb, me ftes\u00eb t\u00eb presidentit turk Recep Tayyip Erdogan. &hellip;<\/p>\n","protected":false},"author":4,"featured_media":67589,"comment_status":"closed","ping_status":"closed","sticky":false,"template":"","format":"standard","meta":{"footnotes":""},"categories":[37],"tags":[],"class_list":["post-71816","post","type-post","status-publish","format-standard","has-post-thumbnail","","category-politike"],"_links":{"self":[{"href":"https:\/\/rdnews.al\/index.php\/wp-json\/wp\/v2\/posts\/71816","targetHints":{"allow":["GET"]}}],"collection":[{"href":"https:\/\/rdnews.al\/index.php\/wp-json\/wp\/v2\/posts"}],"about":[{"href":"https:\/\/rdnews.al\/index.php\/wp-json\/wp\/v2\/types\/post"}],"author":[{"embeddable":true,"href":"https:\/\/rdnews.al\/index.php\/wp-json\/wp\/v2\/users\/4"}],"replies":[{"embeddable":true,"href":"https:\/\/rdnews.al\/index.php\/wp-json\/wp\/v2\/comments?post=71816"}],"version-history":[{"count":0,"href":"https:\/\/rdnews.al\/index.php\/wp-json\/wp\/v2\/posts\/71816\/revisions"}],"wp:featuredmedia":[{"embeddable":true,"href":"https:\/\/rdnews.al\/index.php\/wp-json\/wp\/v2\/media\/67589"}],"wp:attachment":[{"href":"https:\/\/rdnews.al\/index.php\/wp-json\/wp\/v2\/media?parent=71816"}],"wp:term":[{"taxonomy":"category","embeddable":true,"href":"https:\/\/rdnews.al\/index.php\/wp-json\/wp\/v2\/categories?post=71816"},{"taxonomy":"post_tag","embeddable":true,"href":"https:\/\/rdnews.al\/index.php\/wp-json\/wp\/v2\/tags?post=71816"}],"curies":[{"name":"wp","href":"https:\/\/api.w.org\/{rel}","templated":true}]}}