{"id":71818,"date":"2024-02-20T09:54:47","date_gmt":"2024-02-20T09:54:47","guid":{"rendered":"https:\/\/rdnews.al\/?p=71818"},"modified":"2024-02-20T09:54:47","modified_gmt":"2024-02-20T09:54:47","slug":"te-keqen-e-kemi-te-gjithe-tek-dera-dilni-sot-ne-shesh","status":"publish","type":"post","link":"https:\/\/rdnews.al\/index.php\/2024\/02\/20\/te-keqen-e-kemi-te-gjithe-tek-dera-dilni-sot-ne-shesh\/","title":{"rendered":"T\u00eb keqen e kemi t\u00eb gjith\u00eb tek dera! Dilni sot n\u00eb shesh!"},"content":{"rendered":"<p>Kryetari i K\u00ebshillit Komb\u00ebtar t\u00eb PD, Edi Paloka u b\u00ebri thirrje qytetar\u00ebve q\u00eb t\u00eb dalin sot n\u00eb shesh p\u00ebr t\u00eb protestuar.<\/p>\n<p>\u201cDilni sot n\u00eb shesh.<\/p>\n<p>Tregoni q\u00eb jeni si gjith\u00eb evropian\u00ebt e tjer\u00eb, qytetar\u00eb t\u00eb lir\u00eb, me dinjitet e jo skllev\u00ebr q\u00eb mund t\u2019ju shtyp\u00eb e posht\u00ebroj\u00eb nj\u00eb diktatoruc lapangjoz si Rama!<\/p>\n<p>T\u00eb keqen e kemi t\u00eb gjith\u00eb tek dera.<\/p>\n<p>Po nuk e ndalem sot, nuk do ket\u00eb t\u00eb nes\u00ebrme as p\u00ebr t\u2019u penduar!\u201d, shkruan Paloka.<\/p>\n","protected":false},"excerpt":{"rendered":"<p>Kryetari i K\u00ebshillit Komb\u00ebtar t\u00eb PD, Edi Paloka u b\u00ebri thirrje qytetar\u00ebve q\u00eb t\u00eb dalin sot n\u00eb shesh p\u00ebr t\u00eb protestuar. \u201cDilni sot n\u00eb shesh. Tregoni q\u00eb jeni si gjith\u00eb evropian\u00ebt e tjer\u00eb, qytetar\u00eb t\u00eb lir\u00eb, me dinjitet e jo skllev\u00ebr q\u00eb mund t\u2019ju shtyp\u00eb e posht\u00ebroj\u00eb nj\u00eb diktatoruc lapangjoz si Rama! T\u00eb keqen e &hellip;<\/p>\n","protected":false},"author":4,"featured_media":67888,"comment_status":"closed","ping_status":"closed","sticky":false,"template":"","format":"standard","meta":{"footnotes":""},"categories":[37],"tags":[],"class_list":["post-71818","post","type-post","status-publish","format-standard","has-post-thumbnail","","category-politike"],"_links":{"self":[{"href":"https:\/\/rdnews.al\/index.php\/wp-json\/wp\/v2\/posts\/71818","targetHints":{"allow":["GET"]}}],"collection":[{"href":"https:\/\/rdnews.al\/index.php\/wp-json\/wp\/v2\/posts"}],"about":[{"href":"https:\/\/rdnews.al\/index.php\/wp-json\/wp\/v2\/types\/post"}],"author":[{"embeddable":true,"href":"https:\/\/rdnews.al\/index.php\/wp-json\/wp\/v2\/users\/4"}],"replies":[{"embeddable":true,"href":"https:\/\/rdnews.al\/index.php\/wp-json\/wp\/v2\/comments?post=71818"}],"version-history":[{"count":0,"href":"https:\/\/rdnews.al\/index.php\/wp-json\/wp\/v2\/posts\/71818\/revisions"}],"wp:featuredmedia":[{"embeddable":true,"href":"https:\/\/rdnews.al\/index.php\/wp-json\/wp\/v2\/media\/67888"}],"wp:attachment":[{"href":"https:\/\/rdnews.al\/index.php\/wp-json\/wp\/v2\/media?parent=71818"}],"wp:term":[{"taxonomy":"category","embeddable":true,"href":"https:\/\/rdnews.al\/index.php\/wp-json\/wp\/v2\/categories?post=71818"},{"taxonomy":"post_tag","embeddable":true,"href":"https:\/\/rdnews.al\/index.php\/wp-json\/wp\/v2\/tags?post=71818"}],"curies":[{"name":"wp","href":"https:\/\/api.w.org\/{rel}","templated":true}]}}