{"id":71820,"date":"2024-02-20T10:26:12","date_gmt":"2024-02-20T10:26:12","guid":{"rendered":"https:\/\/rdnews.al\/?p=71820"},"modified":"2024-02-20T10:26:32","modified_gmt":"2024-02-20T10:26:32","slug":"zonat-e-mbrojtura-dhurata-per-oligarket-zhupa-rama-po-e-trajton-shqiperine-si-placke-te-gjithe-bashke-ne-proteste","status":"publish","type":"post","link":"https:\/\/rdnews.al\/index.php\/2024\/02\/20\/zonat-e-mbrojtura-dhurata-per-oligarket-zhupa-rama-po-e-trajton-shqiperine-si-placke-te-gjithe-bashke-ne-proteste\/","title":{"rendered":"Zonat e mbrojtura dhurata p\u00ebr oligark\u00ebt\/ Zhupa: Rama po e trajton Shqip\u00ebrin\u00eb si pla\u00e7k\u00eb, t\u00eb gjith\u00eb bashk\u00eb n\u00eb protest\u00eb!"},"content":{"rendered":"<p><strong>DEKLARAT\u00cb E DEPUTETES S\u00cb PARTIS\u00cb DEMOKRATIKE, INA ZHUPA<\/strong><\/p>\n<p>Me investigimin e gazetarit Artan Rama, ra edhe fasada q\u00eb mbulonte ndryshimet e ligjit t\u00eb zonave t\u00eb mbrojtura, q\u00eb Partia Demokratike e ka kund\u00ebrshtuar q\u00eb dit\u00ebn e par\u00eb.<\/p>\n<p>Nj\u00eb ligj qart\u00ebsisht me porosi, sic e kishim paralajm\u00ebruar, i cili nuk sjell asnj\u00eb t\u00eb mir\u00eb p\u00ebr vendin p\u00ebrkundrazi b\u00ebhet p\u00ebr interesat e klient\u00ebve t\u00eb pushtetit p\u00ebr t\u00eb nd\u00ebrtuar dhe n\u00eb k\u00ebto zona.<\/p>\n<p>Shembulli konkret \u00ebsht\u00eb ky projekt n\u00eb Parkun Komb\u00ebtar Divjak\u00eb-Karavasta q\u00eb do t\u00eb nd\u00ebrtohet pik\u00ebrisht n\u00eb zon\u00eb t\u00eb mbrojtur q\u00eb sot nuk lejohet. Pronar\u00ebt e tij kan\u00eb pasur siguri q\u00eb do ndryshohej ligji p\u00ebr ta se ndryshe nuk do t\u00eb projektonin n\u00eb zon\u00eb ku nuk mund t\u00eb nd\u00ebrtohej.<\/p>\n<p>Projekti shkat\u00ebrrimtar n\u00eb territorin e mbrojtur t\u00eb Parkut Komb\u00ebtar Divjak\u00eb-Karavasta quhet Kingcoast Divjaka. Fotografit\u00eb tregojn\u00eb se pishat do t\u2019u hapin vend nd\u00ebrtimeve, rrug\u00ebve me asfalt dhe vegjetacionit artificial. Praktikisht shkat\u00ebrrimi i eko sistemit dhe i flor\u00ebs dhe faun\u00ebs s\u00eb vecant\u00eb t\u00eb k\u00ebtij parku. Harroni flamingon dhe pelikanin, apo pamjet e tjera mahnit\u00ebse. Nj\u00eb mushkri p\u00ebr vendin do t\u00eb shuhet me k\u00ebt\u00eb projekt.<\/p>\n<p>Mir\u00ebpo ky nuk \u00ebsht\u00eb i vetmi projekt q\u00eb do b\u00ebhet n\u00eb zonat e mbrojtura sepse ligji q\u00eb shkat\u00ebrron zonat e mbrojtura n\u00eb kund\u00ebrshtim me rekomandimet e BE, n\u00eb kund\u00ebrshtim me shoq\u00ebrin\u00eb civile dhe me interesin publik pritet t\u00eb kaloj me shpejt\u00ebsi k\u00ebt\u00eb t\u00eb enjte n\u00eb kuvend do i jap rrug\u00eb shkat\u00ebrrimit t\u00eb tyre n\u00eb gjith\u00eb vendin. Nuk do kursehen q\u00eb nga Dajti, e Kune Vain, Butrint, Pish\u00eb Poro, e \u00e7do bukuri e zon\u00eb e mbrojtur sot. Deputet\u00ebt socialist\u00eb do p\u00ebrdoren si kartona sa her\u00eb ja k\u00ebrkon partia.<\/p>\n<p>T\u00eb dashur qytetar,<br \/>\nRama e trajton Shqip\u00ebrin\u00eb si plack\u00eb q\u00eb mund ta ndaj\u00eb n\u00eb copa p\u00ebr klient\u00ebt \u201c duke ngr\u00ebn\u00eb qofte te Veranda\u201d!<\/p>\n<p>Sot \u00ebsht\u00eb dita q\u00eb te protestojm\u00eb n\u00eb or\u00ebn 17:30 n\u00eb bulevard, kundra k\u00ebtyre ligjeve klienteliste q\u00eb ju marrin edhe ajrin qytetar\u00ebve, kundra shkat\u00ebrrimit t\u00eb bukurive natyrore t\u00eb vendit, kundra masakr\u00ebs mjedisore p\u00ebr beton, kundra humbjes s\u00eb gjurm\u00ebve historike e kulturore.<\/p>\n<p>T\u00eb gjitha bashk\u00eb n\u00eb protest\u00eb!<\/p>\n<figure class=\"wp-block-image size-full is-resized\"><img loading=\"lazy\" decoding=\"async\" class=\"wp-image-11007\" src=\"https:\/\/pdsh.al\/wp-content\/uploads\/2024\/02\/35a9bbe0-6242-4512-ae68-30ea07a0eb73.jpeg\" sizes=\"auto, (max-width: 1010px) 100vw, 1010px\" srcset=\"https:\/\/pdsh.al\/wp-content\/uploads\/2024\/02\/35a9bbe0-6242-4512-ae68-30ea07a0eb73.jpeg 1010w, https:\/\/pdsh.al\/wp-content\/uploads\/2024\/02\/35a9bbe0-6242-4512-ae68-30ea07a0eb73-300x220.jpeg 300w, https:\/\/pdsh.al\/wp-content\/uploads\/2024\/02\/35a9bbe0-6242-4512-ae68-30ea07a0eb73-768x563.jpeg 768w\" alt=\"\" width=\"1010\" height=\"741\" \/><\/figure>\n<figure class=\"wp-block-image size-full\"><img loading=\"lazy\" decoding=\"async\" class=\"wp-image-11008\" src=\"https:\/\/pdsh.al\/wp-content\/uploads\/2024\/02\/9982f67d-cd1f-4599-a54e-bde82d76f216.jpeg\" sizes=\"auto, (max-width: 698px) 100vw, 698px\" srcset=\"https:\/\/pdsh.al\/wp-content\/uploads\/2024\/02\/9982f67d-cd1f-4599-a54e-bde82d76f216.jpeg 698w, https:\/\/pdsh.al\/wp-content\/uploads\/2024\/02\/9982f67d-cd1f-4599-a54e-bde82d76f216-300x200.jpeg 300w\" alt=\"\" width=\"698\" height=\"465\" \/><\/figure>\n<figure class=\"wp-block-image size-large is-resized\"><img loading=\"lazy\" decoding=\"async\" class=\"wp-image-11009\" src=\"https:\/\/pdsh.al\/wp-content\/uploads\/2024\/02\/4c50039c-66de-4ab3-8136-9260bacaf813-1024x797.jpeg\" sizes=\"auto, (max-width: 1024px) 100vw, 1024px\" srcset=\"https:\/\/pdsh.al\/wp-content\/uploads\/2024\/02\/4c50039c-66de-4ab3-8136-9260bacaf813-1024x797.jpeg 1024w, https:\/\/pdsh.al\/wp-content\/uploads\/2024\/02\/4c50039c-66de-4ab3-8136-9260bacaf813-300x233.jpeg 300w, https:\/\/pdsh.al\/wp-content\/uploads\/2024\/02\/4c50039c-66de-4ab3-8136-9260bacaf813-768x597.jpeg 768w, https:\/\/pdsh.al\/wp-content\/uploads\/2024\/02\/4c50039c-66de-4ab3-8136-9260bacaf813.jpeg 1252w\" alt=\"\" width=\"1024\" height=\"797\" \/><\/figure>\n<figure class=\"wp-block-image size-large is-resized\"><img loading=\"lazy\" decoding=\"async\" class=\"wp-image-11011\" src=\"https:\/\/pdsh.al\/wp-content\/uploads\/2024\/02\/04c70229-ae66-44d5-99f1-538973213c66-1-1024x660.jpeg\" sizes=\"auto, (max-width: 1024px) 100vw, 1024px\" srcset=\"https:\/\/pdsh.al\/wp-content\/uploads\/2024\/02\/04c70229-ae66-44d5-99f1-538973213c66-1-1024x660.jpeg 1024w, https:\/\/pdsh.al\/wp-content\/uploads\/2024\/02\/04c70229-ae66-44d5-99f1-538973213c66-1-300x193.jpeg 300w, https:\/\/pdsh.al\/wp-content\/uploads\/2024\/02\/04c70229-ae66-44d5-99f1-538973213c66-1-768x495.jpeg 768w, https:\/\/pdsh.al\/wp-content\/uploads\/2024\/02\/04c70229-ae66-44d5-99f1-538973213c66-1.jpeg 1284w\" alt=\"\" width=\"1024\" height=\"660\" \/><\/figure>\n","protected":false},"excerpt":{"rendered":"<p>DEKLARAT\u00cb E DEPUTETES S\u00cb PARTIS\u00cb DEMOKRATIKE, INA ZHUPA Me investigimin e gazetarit Artan Rama, ra edhe fasada q\u00eb mbulonte ndryshimet e ligjit t\u00eb zonave t\u00eb mbrojtura, q\u00eb Partia Demokratike e ka kund\u00ebrshtuar q\u00eb dit\u00ebn e par\u00eb. Nj\u00eb ligj qart\u00ebsisht me porosi, sic e kishim paralajm\u00ebruar, i cili nuk sjell asnj\u00eb t\u00eb mir\u00eb p\u00ebr vendin p\u00ebrkundrazi &hellip;<\/p>\n","protected":false},"author":4,"featured_media":71821,"comment_status":"closed","ping_status":"closed","sticky":false,"template":"","format":"standard","meta":{"footnotes":""},"categories":[37],"tags":[],"class_list":["post-71820","post","type-post","status-publish","format-standard","has-post-thumbnail","","category-politike"],"_links":{"self":[{"href":"https:\/\/rdnews.al\/index.php\/wp-json\/wp\/v2\/posts\/71820","targetHints":{"allow":["GET"]}}],"collection":[{"href":"https:\/\/rdnews.al\/index.php\/wp-json\/wp\/v2\/posts"}],"about":[{"href":"https:\/\/rdnews.al\/index.php\/wp-json\/wp\/v2\/types\/post"}],"author":[{"embeddable":true,"href":"https:\/\/rdnews.al\/index.php\/wp-json\/wp\/v2\/users\/4"}],"replies":[{"embeddable":true,"href":"https:\/\/rdnews.al\/index.php\/wp-json\/wp\/v2\/comments?post=71820"}],"version-history":[{"count":0,"href":"https:\/\/rdnews.al\/index.php\/wp-json\/wp\/v2\/posts\/71820\/revisions"}],"wp:featuredmedia":[{"embeddable":true,"href":"https:\/\/rdnews.al\/index.php\/wp-json\/wp\/v2\/media\/71821"}],"wp:attachment":[{"href":"https:\/\/rdnews.al\/index.php\/wp-json\/wp\/v2\/media?parent=71820"}],"wp:term":[{"taxonomy":"category","embeddable":true,"href":"https:\/\/rdnews.al\/index.php\/wp-json\/wp\/v2\/categories?post=71820"},{"taxonomy":"post_tag","embeddable":true,"href":"https:\/\/rdnews.al\/index.php\/wp-json\/wp\/v2\/tags?post=71820"}],"curies":[{"name":"wp","href":"https:\/\/api.w.org\/{rel}","templated":true}]}}