{"id":71824,"date":"2024-02-20T11:59:23","date_gmt":"2024-02-20T11:59:23","guid":{"rendered":"https:\/\/rdnews.al\/?p=71824"},"modified":"2024-02-20T12:00:11","modified_gmt":"2024-02-20T12:00:11","slug":"shpopullimi-aplikimet-per-azil-ne-nentor-me-te-lartat-qe-nga-muaji-mars","status":"publish","type":"post","link":"https:\/\/rdnews.al\/index.php\/2024\/02\/20\/shpopullimi-aplikimet-per-azil-ne-nentor-me-te-lartat-qe-nga-muaji-mars\/","title":{"rendered":"Shpopullimi\/ Aplikimet p\u00ebr azil n\u00eb n\u00ebntor, m\u00eb t\u00eb lartat q\u00eb nga muaji mars"},"content":{"rendered":"<p>Muajt e dimrit sh\u00ebnuan p\u00ebrshpejtim t\u00eb tendenc\u00ebs s\u00eb emigracionit n\u00eb 2023, ndryshe nga vitet e m\u00ebparshme kur gjithnj\u00eb n\u00eb fund t\u00eb vitit kishte nj\u00eb zbutje t\u00eb ikjeve jasht\u00eb vendit.<\/p>\n<p>T\u00eb dh\u00ebnat e publikuara nga Eurostat p\u00ebr k\u00ebrkesat p\u00ebr azil nga vendet jo t\u00eb BE-s\u00eb b\u00ebn\u00eb t\u00eb ditur se n\u00eb n\u00ebntor u sh\u00ebnuan 880 k\u00ebrkesa p\u00ebr azil nga shtetasit shqiptar\u00eb n\u00eb nj\u00eb nga vendet e BE-s\u00eb. Kjo \u00ebsht\u00eb shifra m\u00eb e lart\u00eb q\u00eb nga muaji mars, kur u regjistruar gjithsej 910 k\u00ebrkesa.<\/p>\n<p>Si\u00e7 shihet nga grafiku, n\u00eb vitet e m\u00ebparshme, k\u00ebrkesat p\u00ebr azil kulmonin n\u00eb muajt e ver\u00ebs, dhe binin m\u00eb pas n\u00eb tetor e m\u00eb tej, por n\u00eb 2023 tendenca ka qen\u00eb e kund\u00ebrt. N\u00eb ver\u00eb aplikimet ra\u00eb, p\u00ebr tu rritur s\u00ebrish n\u00eb shtator, tetor, e n\u00ebntor.<\/p>\n<p><img loading=\"lazy\" decoding=\"async\" class=\"alignnone size-medium wp-image-71825\" src=\"https:\/\/rdnews.al\/wp-content\/uploads\/2024\/02\/tt-300x205.jpg\" alt=\"\" width=\"300\" height=\"205\" srcset=\"https:\/\/rdnews.al\/wp-content\/uploads\/2024\/02\/tt-300x205.jpg 300w, https:\/\/rdnews.al\/wp-content\/uploads\/2024\/02\/tt-110x75.jpg 110w, https:\/\/rdnews.al\/wp-content\/uploads\/2024\/02\/tt.jpg 730w\" sizes=\"auto, (max-width: 300px) 100vw, 300px\" \/><\/p>\n<p>Gjithsesi, n\u00eb raport me vitin 2022, kur u sh\u00ebnua dhe niveli m\u00eb i lart\u00eb i aplikimeve q\u00eb nga 2016-a, tendenca \u00ebsht\u00eb n\u00eb r\u00ebnie. P\u00ebr periudh\u00ebn janar-n\u00ebntor 2023 kishte mbi 8.5 mij\u00eb aplikime, me nj\u00eb r\u00ebnie prej 30% n\u00eb krahasim me t\u00eb nj\u00ebjt\u00ebn periudh\u00eb t\u00eb nj\u00eb viti m\u00eb par\u00eb.<\/p>\n<p>Rreth 80% e k\u00ebrkesave jan\u00eb aplikime t\u00eb reja, sipas Eurostat.<\/p>\n<p>Franca dhe Gjermania vijojn\u00eb t\u00eb mbeten destinacionet kryesore t\u00eb azilant\u00ebve.<\/p>\n<p>P\u00ebr 11-mujorin, drejt Franc\u00ebs kishte 3.3 mij\u00eb aplikime, ose gati 40% e totalit. Franca vijon t\u00eb mbaj\u00eb vendin e par\u00eb p\u00ebr shkak t\u00eb politikave m\u00eb t\u00eb favorshme sociale q\u00eb ka p\u00ebr emigrant\u00ebt.<\/p>\n<p>Gjermania \u00ebsht\u00eb e dyta, me 2.1 mij\u00eb aplikime, ose 24% t\u00eb totalit. Gjithsesi, drejt Gjermanis\u00eb tendenca kryesore \u00ebsht\u00eb ikja me kontrata pune, jo p\u00ebrmes azilit.<\/p>\n<p>Italia vijon t\u00eb mbetet e treta, me 1.4 mij\u00eb aplikime, ose 17% e totalit.<\/p>\n<p><strong>Europa<\/strong><\/p>\n<p>N\u00eb n\u00ebntor 2023, 108 950 qytetar\u00eb jo t\u00eb BE-s\u00eb aplikuan p\u00ebr her\u00eb t\u00eb par\u00eb p\u00ebr mbrojtje nd\u00ebrkomb\u00ebtare n\u00eb vendet e Bashkimit Europian, nj\u00eb rritje prej 11 p\u00ebr qind krahasuar me n\u00ebntorin 2022 (97 800).<\/p>\n<p>Kishte gjithashtu 6 375 aplikime p\u00ebrs\u00ebrit\u00ebse, nj\u00eb rritje prej 3% krahasuar me n\u00ebntorin 2022 (6 215).<\/p>\n<p><strong>Shtetasit sirian\u00eb mbet\u00ebn grupi m\u00eb i madh i azilk\u00ebrkuesve<\/strong><\/p>\n<p>Sirian\u00ebt ruajt\u00ebn t\u00eb nj\u00ebjtin trend si muajt e m\u00ebparsh\u00ebm, duke p\u00ebrfaq\u00ebsuar grupin m\u00eb t\u00eb madh t\u00eb njer\u00ebzve q\u00eb k\u00ebrkonin azil p\u00ebr her\u00eb t\u00eb par\u00eb (23 460 aplikime). Ata u pasuan nga turqit (12 870), afgan\u00ebt (7 930), venezuelasit (6 175) dhe kolumbian\u00ebt (5 445).<\/p>\n<p><strong>Gjermania, Italia, Spanja dhe Franca e Greqia prit\u00ebn 82% e t\u00eb gjith\u00eb aplikimeve p\u00ebr azil p\u00ebr her\u00eb t\u00eb par\u00eb<\/strong><\/p>\n<p>N\u00eb n\u00ebntor 2023, Gjermania (36 495), Italia (14 160), Spanja (14 105), Franca (14 070) dhe Greqia (10 285) vazhduan t\u00eb merrnin numrin m\u00eb t\u00eb madh t\u00eb azilk\u00ebrkuesve p\u00ebr her\u00eb t\u00eb par\u00eb, q\u00eb p\u00ebrb\u00ebn 82% t\u00eb t\u00eb gjith\u00eb aplikimeve p\u00ebr her\u00eb t\u00eb par\u00eb n\u00eb BE.<\/p>\n<p>N\u00eb n\u00ebntor 2023, bazuar n\u00eb t\u00eb dh\u00ebnat e disponueshme, totali i azilk\u00ebrkuesve p\u00ebr her\u00eb t\u00eb par\u00eb n\u00eb BE ishte 24.3 p\u00ebr nj\u00ebqind mij\u00eb njer\u00ebz.<\/p>\n<p>Krahasuar me popullsin\u00eb e \u00e7do vendi t\u00eb BE-s\u00eb (m\u00eb 1 janar 2023), normat m\u00eb t\u00eb larta t\u00eb aplikimeve t\u00eb regjistruar p\u00ebr her\u00eb t\u00eb par\u00eb n\u00eb n\u00ebntor 2023 u regjistruan n\u00eb Qipro (154.8) dhe Greqi (98.9).<\/p>\n<p><strong>3 510 t\u00eb mitur t\u00eb pashoq\u00ebruar q\u00eb aplikojn\u00eb p\u00ebr azil n\u00eb vendet e BE-s\u00eb<\/strong><\/p>\n<p>3 510 t\u00eb mitur t\u00eb pashoq\u00ebruar aplikuan p\u00ebr azil p\u00ebr her\u00eb t\u00eb par\u00eb n\u00eb BE n\u00eb muajin N\u00ebntor, ku shumica vinin nga Siria (1 230) dhe Afganistani (580). Vendet e BE-s\u00eb q\u00eb mor\u00ebn numrin m\u00eb t\u00eb madh t\u00eb k\u00ebrkesave p\u00ebr azil nga t\u00eb miturit e pashoq\u00ebruar ishin Gjermania (1 365), Holanda (615), Italia (315), Greqia (305) dhe Bullgaria (265).\/MONITOR<\/p>\n","protected":false},"excerpt":{"rendered":"<p>Muajt e dimrit sh\u00ebnuan p\u00ebrshpejtim t\u00eb tendenc\u00ebs s\u00eb emigracionit n\u00eb 2023, ndryshe nga vitet e m\u00ebparshme kur gjithnj\u00eb n\u00eb fund t\u00eb vitit kishte nj\u00eb zbutje t\u00eb ikjeve jasht\u00eb vendit. T\u00eb dh\u00ebnat e publikuara nga Eurostat p\u00ebr k\u00ebrkesat p\u00ebr azil nga vendet jo t\u00eb BE-s\u00eb b\u00ebn\u00eb t\u00eb ditur se n\u00eb n\u00ebntor u sh\u00ebnuan 880 k\u00ebrkesa p\u00ebr &hellip;<\/p>\n","protected":false},"author":4,"featured_media":71827,"comment_status":"closed","ping_status":"closed","sticky":false,"template":"","format":"standard","meta":{"footnotes":""},"categories":[46],"tags":[],"class_list":["post-71824","post","type-post","status-publish","format-standard","has-post-thumbnail","","category-ekonomi"],"_links":{"self":[{"href":"https:\/\/rdnews.al\/index.php\/wp-json\/wp\/v2\/posts\/71824","targetHints":{"allow":["GET"]}}],"collection":[{"href":"https:\/\/rdnews.al\/index.php\/wp-json\/wp\/v2\/posts"}],"about":[{"href":"https:\/\/rdnews.al\/index.php\/wp-json\/wp\/v2\/types\/post"}],"author":[{"embeddable":true,"href":"https:\/\/rdnews.al\/index.php\/wp-json\/wp\/v2\/users\/4"}],"replies":[{"embeddable":true,"href":"https:\/\/rdnews.al\/index.php\/wp-json\/wp\/v2\/comments?post=71824"}],"version-history":[{"count":0,"href":"https:\/\/rdnews.al\/index.php\/wp-json\/wp\/v2\/posts\/71824\/revisions"}],"wp:featuredmedia":[{"embeddable":true,"href":"https:\/\/rdnews.al\/index.php\/wp-json\/wp\/v2\/media\/71827"}],"wp:attachment":[{"href":"https:\/\/rdnews.al\/index.php\/wp-json\/wp\/v2\/media?parent=71824"}],"wp:term":[{"taxonomy":"category","embeddable":true,"href":"https:\/\/rdnews.al\/index.php\/wp-json\/wp\/v2\/categories?post=71824"},{"taxonomy":"post_tag","embeddable":true,"href":"https:\/\/rdnews.al\/index.php\/wp-json\/wp\/v2\/tags?post=71824"}],"curies":[{"name":"wp","href":"https:\/\/api.w.org\/{rel}","templated":true}]}}