{"id":71956,"date":"2024-02-21T10:26:35","date_gmt":"2024-02-21T10:26:35","guid":{"rendered":"https:\/\/rdnews.al\/?p=71956"},"modified":"2024-02-21T10:26:35","modified_gmt":"2024-02-21T10:26:35","slug":"bayern-munich-del-me-njoftim-zyrtar-per-trajnerin-tuchel","status":"publish","type":"post","link":"https:\/\/rdnews.al\/index.php\/2024\/02\/21\/bayern-munich-del-me-njoftim-zyrtar-per-trajnerin-tuchel\/","title":{"rendered":"Bayern Munich del me njoftim zyrtar p\u00ebr trajnerin Tuchel \u00a0"},"content":{"rendered":"<p>Thomas Tuchel p\u00ebrfundoi n\u00eb qend\u00ebr t\u00eb ciklonit, pjesa m\u00eb e madhe e ambientit b\u00ebri p\u00ebrgjegj\u00ebs trajnerin p\u00ebr rezultatet negative, por drejtuesit e klubit pas \u00e7do hapi fals nxituan duke e konfirmuar publikisht trajnerin. Pas shum\u00eb dyshimeve, tensioni, p\u00ebrplasje mes palave, klubi Bayern Munich i dha fund aludimeve duke dal\u00eb me nj\u00eb reagim zyrtare<strong><em>:<\/em><\/strong><\/p>\n<p><strong><em>\u201cThomas Tuchel do t\u00eb largohet n\u00eb fund t\u00eb k\u00ebtij sezoni\u201d<\/em><\/strong>. Pal\u00ebt, trajneri dhe klubi, kan\u00eb gjetur akordin nd\u00ebrmjet tyre p\u00ebr nj\u00eb largim miq\u00ebsor n\u00eb fund t\u00eb k\u00ebtij sezoni. Tuchel u ul n\u00eb stolin e Bayern m\u00eb 24 mars 2023 duke z\u00ebvend\u00ebsuar Nagelsmamn, nd\u00ebrsa firmosi nj\u00eb kontrat\u00eb deri n\u00eb 2025. Pasi fitoi n\u00eb limite titullin nj\u00eb vit m\u00eb par\u00eb, k\u00ebt\u00eb sezon, Bayern duket jasht\u00eb gare n\u00eb Bundeslig\u00eb nd\u00ebrsa n\u00eb dyshim \u00ebsht\u00eb edhe vazhdim\u00ebsia n\u00eb Champions League, n\u00eb nj\u00eb koh\u00eb kur humb\u00ebn 1-0 sfid\u00ebn e par\u00eb p\u00ebrball\u00eb Lazio-s. Pavar\u00ebsisht se si shkon ky sezon, edhe n\u00ebse eliminohen nga Lazio, Tuchel nuk do t\u00eb shkarkohet, por t\u00eb vijoj\u00eb t\u00eb drejtoj\u00eb Bayern Munich deri n\u00eb p\u00ebrfundim t\u00eb k\u00ebtij sezoni:<\/p>\n<p><strong><em>\u201cKemi r\u00ebn\u00eb dakord t\u2019i japim fund marr\u00ebveshjes ton\u00eb n\u00eb p\u00ebrfundim t\u00eb k\u00ebtij sezoni. Sigurisht, deri at\u00ebher\u00eb, do t\u00eb jap maksimumin s\u00eb bashku me stafin tim p\u00ebr t\u00eb arritur suksese maksimale<\/em><\/strong>, u shpreh Tuchel p\u00ebr faqen zyrtare t\u00eb klubit. K\u00ebt\u00eb periudh\u00eb, drejtuesit e Bayern do t\u00eb punojn\u00eb p\u00ebr t\u00eb gjetur nj\u00eb pasues t\u00eb denj\u00eb, nj\u00eb trajner p\u00ebr t\u00eb rikthyer edhe nj\u00eb her\u00eb klubin n\u00eb nivele t\u00eb larta. Emrat q\u00eb qarkullojn\u00eb n\u00eb mediat k\u00ebt\u00eb koh\u00eb jan\u00eb t\u00eb shumt\u00eb duke nisur nga Zidane, p\u00ebr t\u00eb vijuar te Mourinho, Flick dhe Antonio Conte.<\/p>\n","protected":false},"excerpt":{"rendered":"<p>Thomas Tuchel p\u00ebrfundoi n\u00eb qend\u00ebr t\u00eb ciklonit, pjesa m\u00eb e madhe e ambientit b\u00ebri p\u00ebrgjegj\u00ebs trajnerin p\u00ebr rezultatet negative, por drejtuesit e klubit pas \u00e7do hapi fals nxituan duke e konfirmuar publikisht trajnerin. Pas shum\u00eb dyshimeve, tensioni, p\u00ebrplasje mes palave, klubi Bayern Munich i dha fund aludimeve duke dal\u00eb me nj\u00eb reagim zyrtare: \u201cThomas Tuchel &hellip;<\/p>\n","protected":false},"author":4,"featured_media":71957,"comment_status":"closed","ping_status":"closed","sticky":false,"template":"","format":"standard","meta":{"footnotes":""},"categories":[39],"tags":[],"class_list":["post-71956","post","type-post","status-publish","format-standard","has-post-thumbnail","","category-sport"],"_links":{"self":[{"href":"https:\/\/rdnews.al\/index.php\/wp-json\/wp\/v2\/posts\/71956","targetHints":{"allow":["GET"]}}],"collection":[{"href":"https:\/\/rdnews.al\/index.php\/wp-json\/wp\/v2\/posts"}],"about":[{"href":"https:\/\/rdnews.al\/index.php\/wp-json\/wp\/v2\/types\/post"}],"author":[{"embeddable":true,"href":"https:\/\/rdnews.al\/index.php\/wp-json\/wp\/v2\/users\/4"}],"replies":[{"embeddable":true,"href":"https:\/\/rdnews.al\/index.php\/wp-json\/wp\/v2\/comments?post=71956"}],"version-history":[{"count":0,"href":"https:\/\/rdnews.al\/index.php\/wp-json\/wp\/v2\/posts\/71956\/revisions"}],"wp:featuredmedia":[{"embeddable":true,"href":"https:\/\/rdnews.al\/index.php\/wp-json\/wp\/v2\/media\/71957"}],"wp:attachment":[{"href":"https:\/\/rdnews.al\/index.php\/wp-json\/wp\/v2\/media?parent=71956"}],"wp:term":[{"taxonomy":"category","embeddable":true,"href":"https:\/\/rdnews.al\/index.php\/wp-json\/wp\/v2\/categories?post=71956"},{"taxonomy":"post_tag","embeddable":true,"href":"https:\/\/rdnews.al\/index.php\/wp-json\/wp\/v2\/tags?post=71956"}],"curies":[{"name":"wp","href":"https:\/\/api.w.org\/{rel}","templated":true}]}}