{"id":71963,"date":"2024-02-21T11:11:27","date_gmt":"2024-02-21T11:11:27","guid":{"rendered":"https:\/\/rdnews.al\/?p=71963"},"modified":"2024-02-21T13:18:16","modified_gmt":"2024-02-21T13:18:16","slug":"afp-protestuesit-kerkojne-largimin-e-rames-kryetari-i-pd-mbahet-i-burgosur","status":"publish","type":"post","link":"https:\/\/rdnews.al\/index.php\/2024\/02\/21\/afp-protestuesit-kerkojne-largimin-e-rames-kryetari-i-pd-mbahet-i-burgosur\/","title":{"rendered":"\u201cAFP\u201d: Protestuesit k\u00ebrkojn\u00eb largimin e Ram\u00ebs, Kryetari i PD mbahet i burgosur"},"content":{"rendered":"<p><strong>\u201cAFP&#8221;<\/strong><\/p>\n<p>\u201cN\u00eb kryeqytetin shqiptar, Tiran\u00eb, mij\u00ebra dol\u00ebn n\u00eb rrug\u00eb p\u00ebr t\u00eb protestuar kund\u00ebr kryeministrit shqiptar, Edi Rama, p\u00ebr shkak t\u00eb akuzave p\u00ebr korrupsion.<\/p>\n<p>Protestuesit, kryesisht mb\u00ebshtet\u00ebs t\u00eb Partis\u00eb Demokratike t\u00eb opozit\u00ebs, po b\u00ebjn\u00eb thirrje p\u00ebr dor\u00ebheqjen e tij t\u00eb menj\u00ebhershme\u201d.<\/p>\n<p>\u201cProtesta zgjati rreth dy or\u00eb, si\u00e7 raporton nj\u00eb gazetar nga agjencia e lajmeve AFP. Nd\u00ebrkoh\u00eb Rama ndodhej n\u00eb Turqi p\u00ebr nj\u00eb vizit\u00eb zyrtare\u201d.<\/p>\n<p>\u201ckryetari i PD dhe ish-kryeministri Sali Berisha, i cili ndodhet n\u00eb arrest sht\u00ebpie q\u00eb prej muajit dhjetor, iu drejtua protestuesve p\u00ebrmes video-lidhjes.<\/p>\n<p>\u201cSot filluam luft\u00ebn ton\u00eb p\u00ebr t\u2019i dh\u00ebn\u00eb fund diktatur\u00ebs s\u00eb Edi Ram\u00ebs, i cili \u00ebsht\u00eb nj\u00eb rrezik real,\u201d tha Berisha. Ai akuzoi Ram\u00ebn p\u00ebr sulm politik ndaj familjes s\u00eb tij dhe p\u00ebr korrupsion.<\/p>\n<p>Nga fundi, protesta u kthye e dhunshme, si\u00e7 raporton AFP. Disa pjes\u00ebmarr\u00ebs hodh\u00ebn kokteje molotovi dhe gur\u00eb drejt selis\u00eb s\u00eb qeveris\u00eb, rreth t\u00eb cil\u00ebs policia kishte ngritur nj\u00eb kordon sigurie. Nuk pati d\u00ebme apo t\u00eb l\u00ebnduar\u201d, thekson agjencia.<\/p>\n","protected":false},"excerpt":{"rendered":"<p>\u201cAFP&#8221; \u201cN\u00eb kryeqytetin shqiptar, Tiran\u00eb, mij\u00ebra dol\u00ebn n\u00eb rrug\u00eb p\u00ebr t\u00eb protestuar kund\u00ebr kryeministrit shqiptar, Edi Rama, p\u00ebr shkak t\u00eb akuzave p\u00ebr korrupsion. Protestuesit, kryesisht mb\u00ebshtet\u00ebs t\u00eb Partis\u00eb Demokratike t\u00eb opozit\u00ebs, po b\u00ebjn\u00eb thirrje p\u00ebr dor\u00ebheqjen e tij t\u00eb menj\u00ebhershme\u201d. \u201cProtesta zgjati rreth dy or\u00eb, si\u00e7 raporton nj\u00eb gazetar nga agjencia e lajmeve AFP. Nd\u00ebrkoh\u00eb &hellip;<\/p>\n","protected":false},"author":3,"featured_media":71966,"comment_status":"closed","ping_status":"closed","sticky":false,"template":"","format":"standard","meta":{"footnotes":""},"categories":[37],"tags":[],"class_list":["post-71963","post","type-post","status-publish","format-standard","has-post-thumbnail","","category-politike"],"_links":{"self":[{"href":"https:\/\/rdnews.al\/index.php\/wp-json\/wp\/v2\/posts\/71963","targetHints":{"allow":["GET"]}}],"collection":[{"href":"https:\/\/rdnews.al\/index.php\/wp-json\/wp\/v2\/posts"}],"about":[{"href":"https:\/\/rdnews.al\/index.php\/wp-json\/wp\/v2\/types\/post"}],"author":[{"embeddable":true,"href":"https:\/\/rdnews.al\/index.php\/wp-json\/wp\/v2\/users\/3"}],"replies":[{"embeddable":true,"href":"https:\/\/rdnews.al\/index.php\/wp-json\/wp\/v2\/comments?post=71963"}],"version-history":[{"count":0,"href":"https:\/\/rdnews.al\/index.php\/wp-json\/wp\/v2\/posts\/71963\/revisions"}],"wp:featuredmedia":[{"embeddable":true,"href":"https:\/\/rdnews.al\/index.php\/wp-json\/wp\/v2\/media\/71966"}],"wp:attachment":[{"href":"https:\/\/rdnews.al\/index.php\/wp-json\/wp\/v2\/media?parent=71963"}],"wp:term":[{"taxonomy":"category","embeddable":true,"href":"https:\/\/rdnews.al\/index.php\/wp-json\/wp\/v2\/categories?post=71963"},{"taxonomy":"post_tag","embeddable":true,"href":"https:\/\/rdnews.al\/index.php\/wp-json\/wp\/v2\/tags?post=71963"}],"curies":[{"name":"wp","href":"https:\/\/api.w.org\/{rel}","templated":true}]}}