{"id":71977,"date":"2024-02-21T12:06:16","date_gmt":"2024-02-21T12:06:16","guid":{"rendered":"https:\/\/rdnews.al\/?p=71977"},"modified":"2024-02-21T12:06:16","modified_gmt":"2024-02-21T12:06:16","slug":"cfare-me-kujtoi-dhe-cfare-me-tregoi-protesta-e-djeshme","status":"publish","type":"post","link":"https:\/\/rdnews.al\/index.php\/2024\/02\/21\/cfare-me-kujtoi-dhe-cfare-me-tregoi-protesta-e-djeshme\/","title":{"rendered":"\u00c7far\u00eb m\u00eb kujtoi dhe \u00e7far\u00eb m\u00eb tregoi protesta e djeshme!"},"content":{"rendered":"<p><strong>Nga Edi PALOKA<\/strong><\/p>\n<p>Ka nj\u00eb dat\u00eb n\u00eb historikun e l\u00ebvizjes antikomuniste n\u00eb Shqip\u00ebri q\u00eb pak kujtohet. \u00cbsht\u00eb 28 janari i vitit 1990.<\/p>\n<p>Kishin ndodhur p\u00ebrplasjet e para me regjimin n\u00eb Shkod\u00ebr e n\u00eb Kavaj\u00eb, por regjimi ia kishte dal\u00eb t\u2019i \u201cmbyllte\u201d me terror dhe t\u2019i mbulonte p\u00ebrkoh\u00ebsisht me err\u00ebsir\u00ebn e heshtjes.<\/p>\n<p>Sidoqoft\u00eb \u201cthashethemet\u201d funksiononin n\u00eb at\u00eb koh\u00eb, n\u00eb vend t\u00eb medieve te munguara. K\u00ebshtu q\u00eb me vones\u00eb, por edhe n\u00eb Tiran\u00eb u mor vesh \u00e7far\u00eb kishte ndodhur.<\/p>\n<p>At\u00ebher\u00eb pak nga pak, e grupe-grupe vendos\u00ebm q\u00eb duhej b\u00ebr\u00eb di\u00e7ka n\u00eb Tiran\u00eb se vet\u00ebm ashtu do t\u00eb kishte jehon\u00eb e nuk do mund t\u00eb kalonte n\u00eb heshtje.<\/p>\n<p>Shqip\u00ebria dhe nj\u00eb her\u00eb kish mbetur e fundit. Komunizmi kishte r\u00ebn\u00eb n\u00eb gjith\u00eb vendet e tjera t\u00eb Lindjes, nd\u00ebrsa tek ne dukej se asgj\u00eb nuk do ndryshonte.<\/p>\n<p>N\u00eb ato kushte u p\u00ebrhap goj\u00eb m\u00eb goj\u00eb, vet\u00ebm tek njer\u00ebzit q\u00eb kishim besim, thirrja p\u00ebr protest\u00eb n\u00eb Tiran\u00eb. Kodi ishte: \u201cKoncert n\u00eb shesh t\u00eb diel\u00ebn, ora 6 pasdite\u201d.<\/p>\n<p>K\u00ebshtu sapo takonim t\u00eb njohur, pyetja: \u201cA do vish tek koncerti i t\u00eb diel\u00ebs?\u201d na tregonte paraprakisht se sa kishte funksionuar thirrja.<\/p>\n<p>Funksionoi. Nd\u00ebrkohe thashethemi u pasurua nga goja n\u00eb goje e kur u kthye tek ne q\u00eb e kishim filluar, u kthye i pasuruar: \u201cDo t\u00eb flas\u00eb nj\u00eb prift, ish-i burgosur\u201d; \u201cDo t\u00eb jen\u00eb gjith\u00eb ambasadat e huaja n\u00eb shesh\u201d (vazhdonim prisnim aleatet\u201d)&#8230;<\/p>\n<p>M\u00eb 28 janar, ora 6, sheshi ishte i mbushur me qytetar\u00eb dhe me sigurimsa e sampist\u00eb. T\u00eb gjith\u00eb qarkullonin n\u00eb heshtje sikur kishin dal\u00eb p\u00ebr nj\u00eb sh\u00ebtitje t\u00eb zakonshme, por t\u00eb gjith\u00eb e dinim pse ishim aty.<\/p>\n<p>E dinte dhe Sigurimi q\u00eb b\u00ebri arrestime p\u00ebrpara dhe pas, megjith\u00ebse nuk pati asnj\u00eb akt \u201ckomprometues\u201d.<\/p>\n<p>Megjithat\u00eb ai 28 janar pati nj\u00eb vler\u00eb t\u00eb madhe sepse ne pam\u00eb se sa shum\u00eb ishim, dhe mbi t\u00eb gjitha tremb\u00ebm frik\u00ebn.<\/p>\n<p>N\u00eb grupe t\u00eb vogla ne komunikonim e flisnim kund\u00ebr regjimit, po askush nuk e dinte se sa ishim t\u00eb gjith\u00eb bashk\u00eb. Kush e ka jetuar koh\u00ebn, e di shum\u00eb mir\u00eb. P\u00ebrfundoje n\u00eb burg p\u00ebr nj\u00eb fjal\u00eb goje.<\/p>\n<p>Edhe protesta e djeshme, megjith\u00ebse duket paradoksale pas 34 vitesh, e kishte k\u00ebt\u00eb vlere. Largimet masive t\u00eb shqiptar\u00ebve (mbi nj\u00eb milion), represioni i vazhduesh\u00ebm i regjimit t\u00eb sot\u00ebm ndaj kund\u00ebrshtar\u00ebve dhe situata e v\u00ebshtir\u00eb q\u00eb kaloi PD n\u00eb k\u00ebto dy vite, na b\u00ebnin ne t\u00eb prisnim me nj\u00eb lloj \u201cankthi\u201d se sa do t\u00eb na p\u00ebrgjigjeshin shqiptar\u00ebt!<\/p>\n<p>P\u00ebrgjigjen e mor\u00ebm ne dhe ata q\u00eb shpresonin te kund\u00ebrt\u00ebn!<\/p>\n","protected":false},"excerpt":{"rendered":"<p>Nga Edi PALOKA Ka nj\u00eb dat\u00eb n\u00eb historikun e l\u00ebvizjes antikomuniste n\u00eb Shqip\u00ebri q\u00eb pak kujtohet. \u00cbsht\u00eb 28 janari i vitit 1990. Kishin ndodhur p\u00ebrplasjet e para me regjimin n\u00eb Shkod\u00ebr e n\u00eb Kavaj\u00eb, por regjimi ia kishte dal\u00eb t\u2019i \u201cmbyllte\u201d me terror dhe t\u2019i mbulonte p\u00ebrkoh\u00ebsisht me err\u00ebsir\u00ebn e heshtjes. Sidoqoft\u00eb \u201cthashethemet\u201d funksiononin n\u00eb &hellip;<\/p>\n","protected":false},"author":4,"featured_media":71978,"comment_status":"closed","ping_status":"closed","sticky":false,"template":"","format":"standard","meta":{"footnotes":""},"categories":[37],"tags":[],"class_list":["post-71977","post","type-post","status-publish","format-standard","has-post-thumbnail","","category-politike"],"_links":{"self":[{"href":"https:\/\/rdnews.al\/index.php\/wp-json\/wp\/v2\/posts\/71977","targetHints":{"allow":["GET"]}}],"collection":[{"href":"https:\/\/rdnews.al\/index.php\/wp-json\/wp\/v2\/posts"}],"about":[{"href":"https:\/\/rdnews.al\/index.php\/wp-json\/wp\/v2\/types\/post"}],"author":[{"embeddable":true,"href":"https:\/\/rdnews.al\/index.php\/wp-json\/wp\/v2\/users\/4"}],"replies":[{"embeddable":true,"href":"https:\/\/rdnews.al\/index.php\/wp-json\/wp\/v2\/comments?post=71977"}],"version-history":[{"count":0,"href":"https:\/\/rdnews.al\/index.php\/wp-json\/wp\/v2\/posts\/71977\/revisions"}],"wp:featuredmedia":[{"embeddable":true,"href":"https:\/\/rdnews.al\/index.php\/wp-json\/wp\/v2\/media\/71978"}],"wp:attachment":[{"href":"https:\/\/rdnews.al\/index.php\/wp-json\/wp\/v2\/media?parent=71977"}],"wp:term":[{"taxonomy":"category","embeddable":true,"href":"https:\/\/rdnews.al\/index.php\/wp-json\/wp\/v2\/categories?post=71977"},{"taxonomy":"post_tag","embeddable":true,"href":"https:\/\/rdnews.al\/index.php\/wp-json\/wp\/v2\/tags?post=71977"}],"curies":[{"name":"wp","href":"https:\/\/api.w.org\/{rel}","templated":true}]}}