{"id":7217,"date":"2022-03-16T18:02:13","date_gmt":"2022-03-16T18:02:13","guid":{"rendered":"https:\/\/rdnews.al\/?p=7217"},"modified":"2022-03-16T18:18:14","modified_gmt":"2022-03-16T18:18:14","slug":"protestuesit-kercenohen-me-arme-nga-nje-civil-ne-tirane-policia-nuk-e-shoqeron","status":"publish","type":"post","link":"https:\/\/rdnews.al\/index.php\/2022\/03\/16\/protestuesit-kercenohen-me-arme-nga-nje-civil-ne-tirane-policia-nuk-e-shoqeron\/","title":{"rendered":"Protestuesit k\u00ebrc\u00ebnohen me arm\u00eb nga nj\u00eb civil n\u00eb Tiran\u00eb, policia nuk e shoq\u00ebron"},"content":{"rendered":"<p>Nj\u00eb ngjarje e r\u00ebnd\u00eb ka ndodhur dit\u00ebn e sotme teksa banor\u00ebt e Babrrus\u00eb, Paskuqanit dhe t\u00eb \u201c5 majit\u201d jan\u00eb mbledhur p\u00ebr t\u00eb protestuar kund\u00ebr shembjes s\u00eb sht\u00ebpive t\u00eb tyre.<\/p>\n<p>Incidenti ka ndodhur n\u00eb momentin q\u00eb protestuesit kan\u00eb bllokuar rrug\u00ebn ku nj\u00eb prej drejtuesve t\u00eb automjeteve i veshur civil, ka nxjerr\u00eb arm\u00ebn dhe ka k\u00ebrc\u00ebnuar protestuesit. M\u00eb pas \u00ebsht\u00eb larguar pa hasur n\u00eb asnj\u00eb lloj reagimi nga ana e policis\u00eb s\u00eb shtetit.<\/p>\n<p>Kjo ka revoltuar banor\u00ebt t\u00eb cil\u00ebt u ndjen\u00eb t\u00eb k\u00ebrc\u00ebnuar dhe t\u00eb pambrojtur p\u00ebr faktin se policia nuk nd\u00ebrhyri n\u00eb asnj\u00eb moment.<\/p>\n<p><strong>Banor\u00ebt:<\/strong>\u00a0\u00c7\u2019jan\u00eb k\u00ebto civila more qeveri hale? Pse policia nuk e shoq\u00ebron civilin q\u00eb nxjerr arm\u00ebn. Ai mund t\u00eb jet\u00eb civil dhe mund t\u00eb jet\u00eb gjith\u00e7ka, p\u00ebr \u00e7far\u00eb e nxjerr arm\u00ebn ai?<\/p>\n<p>Ky \u00ebsht\u00eb gardisti q\u00eb k\u00ebrc\u00ebnoi me arm\u00eb protestuesit<\/p>\n<p>Euglen Kujtim Benga me detyr\u00eb n\u00ebn-oficer te Garda e Republik\u00ebs dhe shoq\u00ebrues i kryetares s\u00eb Kuvendit, Lindita Nikolla, k\u00ebrc\u00ebnoi sot me arm\u00eb zjarri banor\u00ebt e Paskuqanit.<\/p>\n<p>Qytetar\u00ebt po protestonin kund\u00ebr shembjes s\u00eb sht\u00ebpive, t\u00eb cilat preken nga projekti i Unaz\u00ebs s\u00eb Madhe kur ndodhi incidenti.<\/p>\n<p>Efektivi i Gard\u00ebs ka tentuar t\u00eb\u00a0kaloj\u00eb\u00a0p\u00ebrmes turm\u00ebs s\u00eb\u00a0protestuesve me automjetin e tij me targa\u00a0<strong>AA 270 ZK,\u00a0<\/strong>por ka hasur n\u00eb\u00a0rezistenc\u00ebn e banor\u00ebve.<\/p>\n<p>N\u00eb k\u00ebt\u00eb moment ai ka nxjerr\u00eb arm\u00ebn e sh\u00ebrbimit dhe ka k\u00ebrc\u00ebnuar banor\u00ebt q\u00eb t&#8217;i hapin rrug\u00ebn.<\/p>\n<p>Sakaq, forcat e policis\u00eb t\u00eb pranishme n\u00eb vendin e ngjarjes nuk kan\u00eb nd\u00ebrhyr\u00eb.<\/p>\n<p><iframe loading=\"lazy\" title=\"E r\u00ebnd\u00eb n\u00eb Paskuqan, shoferi u nxjerr arm\u00ebn protestuesve. Policia nuk e ndalon\" width=\"618\" height=\"348\" src=\"https:\/\/www.youtube.com\/embed\/4x7ToU1e-4Q?feature=oembed\" frameborder=\"0\" allow=\"accelerometer; autoplay; clipboard-write; encrypted-media; gyroscope; picture-in-picture; web-share\" referrerpolicy=\"strict-origin-when-cross-origin\" allowfullscreen><\/iframe><\/p>\n","protected":false},"excerpt":{"rendered":"<p>Nj\u00eb ngjarje e r\u00ebnd\u00eb ka ndodhur dit\u00ebn e sotme teksa banor\u00ebt e Babrrus\u00eb, Paskuqanit dhe t\u00eb \u201c5 majit\u201d jan\u00eb mbledhur p\u00ebr t\u00eb protestuar kund\u00ebr shembjes s\u00eb sht\u00ebpive t\u00eb tyre. Incidenti ka ndodhur n\u00eb momentin q\u00eb protestuesit kan\u00eb bllokuar rrug\u00ebn ku nj\u00eb prej drejtuesve t\u00eb automjeteve i veshur civil, ka nxjerr\u00eb arm\u00ebn dhe ka k\u00ebrc\u00ebnuar protestuesit. &hellip;<\/p>\n","protected":false},"author":4,"featured_media":7218,"comment_status":"open","ping_status":"open","sticky":false,"template":"","format":"standard","meta":{"footnotes":""},"categories":[40],"tags":[],"class_list":["post-7217","post","type-post","status-publish","format-standard","has-post-thumbnail","","category-aktualitet"],"_links":{"self":[{"href":"https:\/\/rdnews.al\/index.php\/wp-json\/wp\/v2\/posts\/7217","targetHints":{"allow":["GET"]}}],"collection":[{"href":"https:\/\/rdnews.al\/index.php\/wp-json\/wp\/v2\/posts"}],"about":[{"href":"https:\/\/rdnews.al\/index.php\/wp-json\/wp\/v2\/types\/post"}],"author":[{"embeddable":true,"href":"https:\/\/rdnews.al\/index.php\/wp-json\/wp\/v2\/users\/4"}],"replies":[{"embeddable":true,"href":"https:\/\/rdnews.al\/index.php\/wp-json\/wp\/v2\/comments?post=7217"}],"version-history":[{"count":0,"href":"https:\/\/rdnews.al\/index.php\/wp-json\/wp\/v2\/posts\/7217\/revisions"}],"wp:featuredmedia":[{"embeddable":true,"href":"https:\/\/rdnews.al\/index.php\/wp-json\/wp\/v2\/media\/7218"}],"wp:attachment":[{"href":"https:\/\/rdnews.al\/index.php\/wp-json\/wp\/v2\/media?parent=7217"}],"wp:term":[{"taxonomy":"category","embeddable":true,"href":"https:\/\/rdnews.al\/index.php\/wp-json\/wp\/v2\/categories?post=7217"},{"taxonomy":"post_tag","embeddable":true,"href":"https:\/\/rdnews.al\/index.php\/wp-json\/wp\/v2\/tags?post=7217"}],"curies":[{"name":"wp","href":"https:\/\/api.w.org\/{rel}","templated":true}]}}