{"id":72193,"date":"2024-02-24T09:20:45","date_gmt":"2024-02-24T09:20:45","guid":{"rendered":"https:\/\/rdnews.al\/?p=72193"},"modified":"2024-02-24T09:20:45","modified_gmt":"2024-02-24T09:20:45","slug":"berisha-edi-rama-nuk-ka-gje-ne-bote-qe-do-te-na-pengoje-ne-per-voten-e-lire","status":"publish","type":"post","link":"https:\/\/rdnews.al\/index.php\/2024\/02\/24\/berisha-edi-rama-nuk-ka-gje-ne-bote-qe-do-te-na-pengoje-ne-per-voten-e-lire\/","title":{"rendered":"Berisha: Edi Rama, nuk ka gj\u00eb n\u00eb bot\u00eb q\u00eb do t\u00eb na pengoj\u00eb ne p\u00ebr vot\u00ebn e lir\u00eb!"},"content":{"rendered":"<p><strong>Fjala e Kryetarit t\u00eb PD, Sali Berisha mbr\u00ebmjen e djeshme<\/strong><\/p>\n<p>T\u00eb dashur qytetar\u00eb dhe qytetare, q\u00ebndrestare dhe q\u00ebndrestar\u00eb, misionar\u00eb t\u00eb pamposhtur t\u00eb shpres\u00ebs, p\u00ebrsh\u00ebndetjet m\u00eb t\u00eb p\u00ebrzem\u00ebrta, mir\u00ebnjohjen m\u00eb t\u00eb pakufishme p\u00ebr betej\u00ebn juaj pa kthim, betej\u00ebn tuaj drejt fitores.<\/p>\n<p>\u00c7do or\u00eb, \u00e7do dit\u00eb q\u00eb kalon, d\u00ebshmon se kjo betej\u00eb \u00ebsht\u00eb jetike p\u00ebr fatin e liris\u00eb dhe dinjitetit t\u00eb shqiptar\u00ebve.<\/p>\n<p>\u00c7do or\u00eb, \u00e7do dit\u00eb q\u00eb kalon b\u00ebhet m\u00eb e r\u00ebnd\u00eb, m\u00eb shtyp\u00ebse, m\u00eb dhunuese p\u00ebr shqiptar\u00ebt nga narko regjimi i Edi Ram\u00ebs dhe rilindjes s\u00eb tij.<\/p>\n<p>Sot orari zyrtar n\u00eb republik\u00ebn e rilindjes nisi me nj\u00eb proces politik kund\u00ebr 4 t\u00eb rinjve, Andrea Maliaj, Klinti Toli, Bledar Tola, Ismet Stefanis, q\u00ebndrestar\u00eb pjes\u00ebmarr\u00ebs n\u00eb uraganin e 20 shkurtit.<\/p>\n<p>Ata ishin sot n\u00eb bank\u00ebn e akuz\u00ebs sepse me 20 shkurt terruan Edi Ram\u00ebn dhe rilindjen e tij, tmerruan pushtetin e mafias q\u00eb sundon sot n\u00eb Shqip\u00ebri.<\/p>\n<p>Por sot k\u00ebta t\u00eb rinj n\u00eb sall\u00ebn e gjyqit q\u00ebndronin krenar\u00eb dhe ball\u00eblart\u00eb para akuzave false, t\u00eb turpshme, t\u00eb fabrikuara, t\u00eb falsifikuara ndaj tyre.<\/p>\n<p>Kjo sken\u00eb tregonte qart\u00eb se regjimi i ka hyr\u00eb frika gjer n\u00eb palc\u00eb nga q\u00ebndrestar\u00ebt, se regjimi ka humbur \u00e7do shpres\u00eb p\u00ebr veten e tij, ndaj dhe p\u00ebrdor \u00e7do mjet kund\u00ebr lirive t\u00eb qytetar\u00ebve.<\/p>\n<p>Duke i p\u00ebrg\u00ebzuar edhe nj\u00ebher\u00eb sot k\u00ebta t\u00eb rinj, p\u00ebr q\u00ebndrimin e tyre burr\u00ebror si n\u00eb qelit\u00eb e zeza t\u00eb regjimit, ashtu dhe n\u00eb bank\u00ebn e akuz\u00ebs, paralajm\u00ebroj fallangat e Edi Ram\u00ebs se, dita po vjen dhe u garantoj se p\u00ebr \u00e7do tortur\u00eb q\u00eb tu b\u00ebni q\u00ebndrestar\u00ebve, do t\u00eb p\u00ebrballeni nes\u00ebr me nd\u00ebshkim ekzemplar.<\/p>\n<p>Ju paralajm\u00ebroj se p\u00ebr \u00e7do dit\u00eb burgu e tyre p\u00ebr motive politike, do t\u00eb ju kthehet n\u00eb vite burgu si armiq t\u00eb liris\u00eb s\u00eb shqiptar\u00ebve.<\/p>\n<p>Sot \u00ebsht\u00eb nj\u00eb dit\u00eb e v\u00ebshtir\u00eb, sot \u00ebsht\u00eb nj\u00eb dit\u00eb e zez\u00eb p\u00ebr fjal\u00ebn e lir\u00eb.<\/p>\n<p>Sot Gjykata e Lart\u00eb, apo Sadushgjykata sh\u00ebrbeu si sat\u00ebr e fjal\u00ebs s\u00eb lir\u00eb. N\u00eb nj\u00eb vendim antikushtetues, antiligjor, sot Gjykata e Lart\u00eb p\u00ebrligji n\u00eb kund\u00ebrshtim flagrant me Konvent\u00ebn Evropiane t\u00eb t\u00eb Drejtave t\u00eb Njeriut, n\u00eb kund\u00ebrshtim flagrant me Kart\u00ebn Universale t\u00eb t\u00eb Drejtave t\u00eb Njeriut t\u00eb OKB-s\u00eb, aktet arbitrare t\u00eb duman\u00ebve t\u00eb Skapit dhe manek\u00ebve t\u00eb gjykat\u00ebs, ndaj gazetarit guximtar i cili publikoi, materiale t\u00eb shitura nga vet\u00eb Skapi.<\/p>\n<p>Elton Qyno kishte arritur t\u00eb zbulonte n\u00eb transkiptet e telefonave t\u00eb kriptuar bisedat e Edi Ram\u00ebs, Taulant Ball\u00ebs dhe jo vet\u00ebm atyre, por edhe t\u00eb mjedisit t\u00eb tyre.<\/p>\n<p>Vendet an\u00ebtare t\u00eb K\u00ebshillit t\u00eb Europ\u00ebs kan\u00eb firmosur nj\u00eb konvent\u00eb, Konventa Europiane e t\u00eb Drejtave t\u00eb Njeriut t\u00eb vendeve an\u00ebtare.<\/p>\n<p>Kjo konvent\u00eb ka nj\u00eb gardian t\u00eb pranuar nga t\u00eb gjith\u00eb shtetet an\u00ebtar\u00ebve dhe ky gardian \u00ebsht\u00eb Gjykata e t\u00eb Drejtave t\u00eb Njeriut n\u00eb Strasburg.<\/p>\n<p>Kjo gjykat\u00eb n\u00eb m\u00ebnyr\u00eb t\u00eb p\u00ebrs\u00ebritur ka vendosur se, k\u00ebrkesa e burimeve t\u00eb informacionit p\u00ebr gazetar\u00ebt, p\u00ebrb\u00ebn atentat ndaj liris\u00eb s\u00eb shprehjes.<\/p>\n<p>T\u00eb nj\u00ebjt\u00ebn gj\u00eb u shpreh edhe Komisioni i t\u00eb drejtave t\u00eb Njeriut OKB-s\u00eb.<\/p>\n<p>Kurse k\u00ebta gjykat\u00ebs q\u00eb kan\u00eb p\u00ebr konvent\u00eb Europiane, kodin e mafias s\u00eb Edi Ram\u00ebs, q\u00eb kan\u00eb p\u00ebr kushtetut\u00eb, kodin e mafias s\u00eb Edi Ram\u00ebs, gjykuan sot p\u00ebr t\u00eb hequr \u00e7do mbrojtje burimeve t\u00eb informacionit t\u00eb gazetar\u00ebve.<\/p>\n<p>Vendos\u00ebn sot t\u00eb mbyllin goj\u00ebn para krimeve t\u00eb sh\u00ebmtuara, vet\u00ebm e vet\u00ebm p\u00ebr t\u00eb mbrojtur Edi Ram\u00ebn, Taulant Ball\u00ebn, p\u00ebr t\u00eb mbrojtur kriminel\u00ebt e pushtetit, lidhjet e tyre me krimin, vjedhjet e tyre.<\/p>\n<p>Ky gjykim do t\u00eb hyj\u00eb n\u00eb historin\u00eb e Shqip\u00ebris\u00eb dhe Europ\u00ebs si nj\u00eb gjykim q\u00eb do e ken\u00eb lakmi sot edhe Putini me Llukashenkon.<\/p>\n<p>Me k\u00ebt\u00eb gjykim, sot \u00e7do prokuror partie, \u00e7do hetues partie, ka t\u00eb drejt\u00eb t\u00eb sillet si xhelat i fjal\u00ebs s\u00eb tij, ka t\u00eb drejt\u00eb pa vendim gjykate t\u00eb nd\u00ebrmarr\u00eb aktet terrorizuese, akte brutale, ndaj gazetar\u00ebve dhe medieve.<\/p>\n<p>Ky \u00ebsht\u00eb nj\u00eb akt i r\u00ebnd\u00eb, kjo \u00ebsht\u00eb nj\u00eb dit\u00eb e zez\u00eb.<\/p>\n<p>Elton Qyno publikoi dosje t\u00eb shitur nga Skapi i partis\u00eb, t\u00eb shitur me miliona miq. Duhet ta keni t\u00eb qart\u00eb se kur vjen puna n\u00eb bot\u00ebn e krimit, milionat jan\u00eb si kafet\u00eb e m\u00ebngjesit.<\/p>\n<p>Nuk kan\u00eb ata problem milionin e eurove, problem kan\u00eb ku ti fshehin sepse atyre u vijn\u00eb nga droga, vrasjet, makabritetet.<\/p>\n<p>Pasi e shit\u00ebn d\u00ebshmin\u00eb e Nuredin Dumanit, e nj\u00eb vras\u00ebsi serial, por q\u00eb n\u00eb fund t\u00eb fundit gjeti nj\u00eb grimc\u00eb njer\u00ebzore n\u00eb nderin e tij dhe u rr\u00ebfye, para kujt, para drejt\u00ebsis\u00eb s\u00eb pabes\u00eb. Para kriminel\u00ebve t\u00eb drejt\u00ebsis\u00eb q\u00eb e shit\u00ebn dosjen e tij.<\/p>\n<p>Shitja e dosjes parashikohet t\u00eb sjell\u00eb t\u00eb pakt\u00ebn 15-20 vrasje t\u00eb tjera, q\u00ebrim hesapesh.<\/p>\n<p>Kurse Qyno q\u00eb u tha shqiptar\u00ebve, ja se \u00e7far\u00eb shesin k\u00ebta skapist\u00ebt e Edi Ram\u00ebs, ja se si i ndihmojn\u00eb bandat dhe vras\u00ebsit skapist\u00ebt e Edi Ram\u00ebs, ai u rr\u00ebmbye n\u00eb mes t\u00eb rrug\u00ebs. Atij ju mor\u00ebn telefonat, sepse aty figuronte emri i Ram\u00ebs q\u00eb komunikonte me kartelet, q\u00eb drejtonte trafiqet.<\/p>\n<p>Aty figuronte emri i Taulant Ball\u00ebs q\u00eb komunikonte me bandat n\u00eb Shqip\u00ebri dhe jasht\u00eb. Q\u00eb u premtonte mbrojtje t\u00eb interesave t\u00eb tyre. Q\u00eb ankohej p\u00ebr Sali Berish\u00ebn, se po e sulmon. Q\u00eb diskutonte p\u00ebr vrasje p\u00ebr trafiqe.<\/p>\n<p>Sot fjal\u00ebs s\u00eb lir\u00eb i\u2019u vu tritol n\u00eb themel. Defakto kthehet ligji i agjitacion propagand\u00ebs.<\/p>\n<p>Ju b\u00ebj thirrje gazetar\u00ebve, q\u00eb \u00e7do lajm, njoftim informacion q\u00eb siguroni p\u00ebrcjillani qytetarit digjital q\u00eb t\u00eb ja p\u00ebrcjell\u00eb qytetar\u00ebve dhe bot\u00ebs menj\u00ebher\u00eb, n\u00eb koh\u00eb reale.<\/p>\n<p>Nuk ka gj\u00eb n\u00eb bot\u00eb q\u00eb do t\u00eb na pengoj\u00eb ne. I b\u00ebj t\u00eb qart\u00eb Edi Ram\u00ebs se je nj\u00eb kalb\u00ebsir\u00eb\u00a0e pakallur dhe hi\u00e7 dor\u00eb nga terrorizmi i gazetar\u00ebve.<\/p>\n<p>T\u00eb garantoj se nuk ka pushtet n\u00eb bot\u00eb, nuk ka Skap dhe gjykata n\u00eb bot\u00eb q\u00eb do t\u00eb t\u00eb mbrojn\u00eb ty nga krimet e sh\u00ebmtuara q\u00eb ke kryer.<\/p>\n<p>Jo Edi Rama, jo.<\/p>\n<p>McGonigali n\u00eb burg, ti do t\u00eb kesh fatin e tij.<\/p>\n<p>Nuk ka shqiptar q\u00eb mund t\u00eb pranoj\u00eb se ai q\u00eb ka marr\u00eb licenc\u00eb nafte dhe 225 mij\u00eb euro nga ti, t\u00eb burgoset 3 vjet, kurse ti t\u00eb qeveris\u00ebsh.<\/p>\n<p>Jo Edi Rama, ti ke korruptuar at\u00eb, je bashk\u00ebkorruptor, meriton fatin e tij dhe shqiptar\u00ebt do ta japin at\u00eb.<\/p>\n<p>Sot t\u00eb mbron Dumani, Kraja dhe grupi i strukturuar kriminal n\u00eb Skapin e partis\u00eb, por nes\u00ebr i sigurt\u00eb t\u00eb jesh se \u00e7do qindark\u00eb q\u00eb ke p\u00ebrvet\u00ebsuar nga ato qindra e milion\u00eb eurove, nga djeg\u00ebsi i Tiran\u00ebs q\u00eb nuk ekziston, p\u00ebr djeg\u00ebsin e Tiran\u00ebs n\u00eb vjedhjen e shekullit.<\/p>\n<p>Se \u00e7do qindark\u00eb q\u00eb ke p\u00ebrvet\u00ebsuar me sterilizimin q\u00eb i rrite \u00e7mimin 83 her\u00eb.<\/p>\n<p>Se \u00e7do qindark\u00eb q\u00eb ke fituar me 10-15 fishimin e \u00e7mimit \u00a0t\u00eb rrug\u00ebve.<\/p>\n<p>Se \u00e7do bixhoz q\u00eb po loz me Portin e Durr\u00ebsit do t\u00eb r\u00ebndojn\u00eb ty gjer n\u00eb fund t\u00eb jet\u00ebs t\u00ebnde.<\/p>\n<p>Un\u00eb e di se p\u00ebr t\u00eb gjitha k\u00ebto ti, do t\u00eb b\u00ebsh gjith\u00e7ka q\u00eb t\u00eb q\u00ebndrosh mbi karrigen e krimit, t\u00eb mbrosh pushtetin e krimit.<\/p>\n<p>Por di gjithashtu se n\u00eb t\u00eb gjith\u00eb shekujt, n\u00eb t\u00eb gjitha koh\u00ebrat, kur sovrani ka vendosur nuk ka satrap q\u00eb nuk ka kaluar nga karrigia e krimit n\u00eb shtyll\u00ebn e turpit, n\u00eb karrigen e drejt\u00ebsis\u00eb.<\/p>\n<p>Vazhdon kudo jehona e 20 shkurtit.<\/p>\n<p>N\u00eb t\u00eb kat\u00ebr an\u00ebt e vendit, vezullon madh\u00ebshtore fitorja q\u00eb na pret. Le t\u00eb vazhdojm\u00eb ne betej\u00ebn e mosbindjes civile. Le t\u00eb vazhdojm\u00eb ne rrug\u00ebn e Shpres\u00ebs, rrug\u00ebn e besimit gjer n\u00eb fitoren e plot\u00eb.<\/p>\n<p>Rikthimin e vot\u00ebs s\u00eb lir\u00eb. Beteja p\u00ebr vot\u00ebn e lir\u00eb, \u00ebsht\u00eb beteja m\u00eb e shenjt\u00eb e njeriut t\u00eb lir\u00eb. \u00cbsht\u00eb kryebeteja e tij p\u00ebr dinjitet njer\u00ebzor, p\u00ebr t\u00eb ardhmen e tij dhe t\u00eb vendit. Rrofshi ju, rroft\u00eb Shqip\u00ebria. Fitore, fitore!<\/p>\n","protected":false},"excerpt":{"rendered":"<p>Fjala e Kryetarit t\u00eb PD, Sali Berisha mbr\u00ebmjen e djeshme T\u00eb dashur qytetar\u00eb dhe qytetare, q\u00ebndrestare dhe q\u00ebndrestar\u00eb, misionar\u00eb t\u00eb pamposhtur t\u00eb shpres\u00ebs, p\u00ebrsh\u00ebndetjet m\u00eb t\u00eb p\u00ebrzem\u00ebrta, mir\u00ebnjohjen m\u00eb t\u00eb pakufishme p\u00ebr betej\u00ebn juaj pa kthim, betej\u00ebn tuaj drejt fitores. \u00c7do or\u00eb, \u00e7do dit\u00eb q\u00eb kalon, d\u00ebshmon se kjo betej\u00eb \u00ebsht\u00eb jetike p\u00ebr fatin e &hellip;<\/p>\n","protected":false},"author":4,"featured_media":71913,"comment_status":"closed","ping_status":"closed","sticky":false,"template":"","format":"standard","meta":{"footnotes":""},"categories":[37],"tags":[],"class_list":["post-72193","post","type-post","status-publish","format-standard","has-post-thumbnail","","category-politike"],"_links":{"self":[{"href":"https:\/\/rdnews.al\/index.php\/wp-json\/wp\/v2\/posts\/72193","targetHints":{"allow":["GET"]}}],"collection":[{"href":"https:\/\/rdnews.al\/index.php\/wp-json\/wp\/v2\/posts"}],"about":[{"href":"https:\/\/rdnews.al\/index.php\/wp-json\/wp\/v2\/types\/post"}],"author":[{"embeddable":true,"href":"https:\/\/rdnews.al\/index.php\/wp-json\/wp\/v2\/users\/4"}],"replies":[{"embeddable":true,"href":"https:\/\/rdnews.al\/index.php\/wp-json\/wp\/v2\/comments?post=72193"}],"version-history":[{"count":0,"href":"https:\/\/rdnews.al\/index.php\/wp-json\/wp\/v2\/posts\/72193\/revisions"}],"wp:featuredmedia":[{"embeddable":true,"href":"https:\/\/rdnews.al\/index.php\/wp-json\/wp\/v2\/media\/71913"}],"wp:attachment":[{"href":"https:\/\/rdnews.al\/index.php\/wp-json\/wp\/v2\/media?parent=72193"}],"wp:term":[{"taxonomy":"category","embeddable":true,"href":"https:\/\/rdnews.al\/index.php\/wp-json\/wp\/v2\/categories?post=72193"},{"taxonomy":"post_tag","embeddable":true,"href":"https:\/\/rdnews.al\/index.php\/wp-json\/wp\/v2\/tags?post=72193"}],"curies":[{"name":"wp","href":"https:\/\/api.w.org\/{rel}","templated":true}]}}