{"id":72246,"date":"2024-02-25T13:52:04","date_gmt":"2024-02-25T13:52:04","guid":{"rendered":"https:\/\/rdnews.al\/?p=72246"},"modified":"2024-02-26T11:20:50","modified_gmt":"2024-02-26T11:20:50","slug":"intervista-rama-terhiqem-nga-politika-ne-shtator-2025-do-merrem-me-ateline-time","status":"publish","type":"post","link":"https:\/\/rdnews.al\/index.php\/2024\/02\/25\/intervista-rama-terhiqem-nga-politika-ne-shtator-2025-do-merrem-me-ateline-time\/","title":{"rendered":"Intervista, Rama: T\u00ebrhiqem nga politika n\u00eb shtator 2025, do merrem me atelien\u00eb time"},"content":{"rendered":"<p>Kryeministri Edi Rama ka paralajm\u00ebruar s\u00eb fundmi n\u00eb nj\u00eb intervist\u00eb t\u00ebrheqjen e tij t\u00eb papritur nga politika. Nj\u00eb lajm i bujsh\u00ebm q\u00eb pritet t\u00eb sjell\u00eb nj\u00eb ndryshim shum\u00eb t\u00eb madh n\u00eb politik\u00ebn shqiptare. Rama ka treguar se nuk do t\u00eb garoj\u00eb p\u00ebr mandat tjet\u00ebr dhe zyra e kryeministris\u00eb do t\u00eb jet\u00eb e fundit, p\u00ebr karrier\u00ebn e tij politike.<\/p>\n<p>\u201cMandati i tret\u00eb do t\u00eb iki kur t\u00eb vija dita e fundit n\u00eb shtator t\u00eb 2025-\u00ebs, e deri at\u00ebher\u00eb do t\u00eb shihni plot pun\u00eb e vepra t\u00eb mira q\u00eb do t\u00eb marrin jet\u00eb. E kam t\u00eb pamundur ta besoj se nj\u00eb zyr\u00eb e kat\u00ebrt n\u00eb k\u00ebt\u00eb karrier\u00eb do t\u00eb m\u00eb josh\u00eb dot m\u00eb shum\u00eb se sa atelieja ime, ku kam shum\u00eb ide e fantazma t\u00eb imagjinat\u00ebs sime q\u00eb m\u00eb k\u00ebrkojn\u00eb t\u2019i nxjerr nga vetja dhe t\u2019i sjell n\u00eb jet\u00eb p\u00ebrmes syrit e dor\u00ebs.<\/p>\n<p>Nuk m\u00eb josh asnj\u00eb angazhim n\u00eb politik\u00ebn nd\u00ebrkomb\u00ebtare, si\u00e7 nuk do t\u00eb m\u00eb kishte joshur dot as zyra e ministrit t\u00eb kultur\u00ebs s\u00eb Franc\u00ebs, apo ajo e kryetarit t\u00eb Bashkis\u00eb s\u00eb Berlinit, sikur teorikisht ta fantazoja p\u00ebr nj\u00eb moment, duke u kthyer n\u00eb koh\u00ebn kur vendosa t\u00eb hyj n\u00eb t\u00eb par\u00ebn, apo t\u00eb b\u00ebj fushat\u00eb p\u00ebr t\u00eb hyr\u00eb e ndenjur 11 vjet n\u00eb t\u00eb dyt\u00ebn.<\/p>\n<p>Kjo e kryeministrit \u00ebsht\u00eb zyra e tret\u00eb dhe e fundit e karrier\u00ebs sime publike n\u00eb politik\u00eb, tjetra do t\u00eb jet\u00eb atelieja e \u201crrobaqep\u00ebsis\u00eb\u201d s\u00eb \u00ebndrrave t\u00eb mia artistike, ku dua ta mbyll udh\u00ebtimin tim n\u00eb k\u00ebt\u00eb jet\u00eb me bindjen se \u00e7far\u00eb mu dha nga Zoti e nga ata q\u00eb m\u00eb besuan, e ktheva sa dita e sa munda, pa u kursyer n\u00eb asgj\u00eb dhe p\u00ebr asgj\u00eb, e me urimin q\u00eb lash\u00eb mbrapa nj\u00eb kujtim t\u00eb mir\u00eb.<\/p>\n<p>Un\u00eb p\u00ebrpiqem dhe b\u00ebj m\u00eb t\u00eb mir\u00ebn. Un\u00eb jam p\u00ebrpjekur t\u00eb b\u00ebj\u00eb m\u00eb t\u00eb mir\u00ebn gjat\u00eb 10 viteve t\u00eb fundit. Nuk them se gjithmon\u00eb kam pasur t\u00eb drejt\u00eb. Natyrisht q\u00eb jo. Ka pasur edhe gabime dhe gj\u00ebra q\u00eb jan\u00eb b\u00ebr\u00eb gabim gjat\u00eb k\u00ebsaj kohe. Por n\u00eb fakt kur kthej kok\u00ebn mbrapa dhe shoh dhjet\u00eb vjet q\u00eb kaluan, un\u00eb besoj se ka shum\u00eb gj\u00ebra q\u00eb jan\u00eb b\u00ebr\u00eb mir\u00eb\u201d, ka treguar Rama p\u00ebr revist\u00ebn Newsboomb.<\/p>\n","protected":false},"excerpt":{"rendered":"<p>Kryeministri Edi Rama ka paralajm\u00ebruar s\u00eb fundmi n\u00eb nj\u00eb intervist\u00eb t\u00ebrheqjen e tij t\u00eb papritur nga politika. Nj\u00eb lajm i bujsh\u00ebm q\u00eb pritet t\u00eb sjell\u00eb nj\u00eb ndryshim shum\u00eb t\u00eb madh n\u00eb politik\u00ebn shqiptare. Rama ka treguar se nuk do t\u00eb garoj\u00eb p\u00ebr mandat tjet\u00ebr dhe zyra e kryeministris\u00eb do t\u00eb jet\u00eb e fundit, p\u00ebr karrier\u00ebn &hellip;<\/p>\n","protected":false},"author":4,"featured_media":71664,"comment_status":"closed","ping_status":"closed","sticky":false,"template":"","format":"standard","meta":{"footnotes":""},"categories":[37],"tags":[],"class_list":["post-72246","post","type-post","status-publish","format-standard","has-post-thumbnail","","category-politike"],"_links":{"self":[{"href":"https:\/\/rdnews.al\/index.php\/wp-json\/wp\/v2\/posts\/72246","targetHints":{"allow":["GET"]}}],"collection":[{"href":"https:\/\/rdnews.al\/index.php\/wp-json\/wp\/v2\/posts"}],"about":[{"href":"https:\/\/rdnews.al\/index.php\/wp-json\/wp\/v2\/types\/post"}],"author":[{"embeddable":true,"href":"https:\/\/rdnews.al\/index.php\/wp-json\/wp\/v2\/users\/4"}],"replies":[{"embeddable":true,"href":"https:\/\/rdnews.al\/index.php\/wp-json\/wp\/v2\/comments?post=72246"}],"version-history":[{"count":0,"href":"https:\/\/rdnews.al\/index.php\/wp-json\/wp\/v2\/posts\/72246\/revisions"}],"wp:featuredmedia":[{"embeddable":true,"href":"https:\/\/rdnews.al\/index.php\/wp-json\/wp\/v2\/media\/71664"}],"wp:attachment":[{"href":"https:\/\/rdnews.al\/index.php\/wp-json\/wp\/v2\/media?parent=72246"}],"wp:term":[{"taxonomy":"category","embeddable":true,"href":"https:\/\/rdnews.al\/index.php\/wp-json\/wp\/v2\/categories?post=72246"},{"taxonomy":"post_tag","embeddable":true,"href":"https:\/\/rdnews.al\/index.php\/wp-json\/wp\/v2\/tags?post=72246"}],"curies":[{"name":"wp","href":"https:\/\/api.w.org\/{rel}","templated":true}]}}