{"id":72268,"date":"2024-02-26T09:26:56","date_gmt":"2024-02-26T09:26:56","guid":{"rendered":"https:\/\/rdnews.al\/?p=72268"},"modified":"2024-02-26T09:33:02","modified_gmt":"2024-02-26T09:33:02","slug":"spak-shpejtesi-vetetime-ndaj-gazetarit-qyno-por-nuk-leviz-as-gishtin-per-veliajn","status":"publish","type":"post","link":"https:\/\/rdnews.al\/index.php\/2024\/02\/26\/spak-shpejtesi-vetetime-ndaj-gazetarit-qyno-por-nuk-leviz-as-gishtin-per-veliajn\/","title":{"rendered":"SPAK, shpejt\u00ebsi vet\u00ebtime ndaj gazetarit Qyno, por nuk l\u00ebviz as gishtin p\u00ebr Veliajn!"},"content":{"rendered":"<p><strong>Nga Petrit VASILI<\/strong><\/p>\n<p>Situata \u00ebsht\u00eb b\u00ebr\u00eb e padurueshme dhe shp\u00ebrthyese p\u00ebr shkak t\u00eb kapjes se drejt\u00ebsis\u00eb nga Rama dhe rilindja.<\/p>\n<p>Asnj\u00eb qytetar edhe ai me flegmatiku nuk mund t\u00eb mos z\u00ebm\u00ebrohet dhe eg\u00ebrsohet kur shikon se si kjo e ashtuquajtur drejt\u00ebsi e re ka vet\u00ebm e vet\u00ebm nj\u00eb qellim dhe objektiv: paprekshmerin\u00eb e qeveris\u00eb.<\/p>\n<p>T\u00eb gjith\u00eb pan\u00eb shpejt\u00ebsin\u00eb prej vetetime t\u00eb SPAK ndaj gazetarit\u00a0Elton Qyno duke shkelur \u00e7do ligj, p\u00ebr t\u00eb rr\u00ebmbyer materialet dhe informacionin, q\u00eb ai si gazetar dispononte.<\/p>\n<p>Nd\u00ebrsa po ky SPAK nuk l\u00ebviz as gishtin p\u00ebr skandalin makab\u00ebr t\u00eb Bashkis\u00eb s\u00eb Tiran\u00ebs lidhur me eshtrat e p\u00ebrdhosura dhe trajtuara kriminalisht ne varrez\u00ebn e Tufin\u00ebs dhe, q\u00eb emisioni investigativ i kishte sjell\u00eb t\u00eb qarta n\u00eb drit\u00ebn e diellit.<\/p>\n<p>Po si mundet q\u00eb as nj\u00eb krim kaq i sh\u00ebmtuar dhe kaq antihuman nuk e v\u00eb n\u00eb levizje SPAK-un.<\/p>\n<p>Mij\u00ebra shqiptar\u00eb q\u00eb kan\u00eb par\u00eb n\u00eb televizor k\u00ebt\u00eb krim prisni\u00a0q\u00eb SPAK te shkonte me shpejt\u00ebsi rrufeje n\u00eb zyr\u00ebn e Erion Veliajt dhe n\u00eb zyrat e Bashkis\u00eb s\u00eb Tiran\u00ebs.<\/p>\n<p>Po kjo nuk ndodhi, asnj\u00eb fjal\u00eb vetme nga SPAK.<\/p>\n<p>Nd\u00ebrsa p\u00ebr gazetarin Qyno nuk u druajten ti traumatizonin edhe familjen duke shkelur \u00e7do ligj.<\/p>\n<p>Ka ca surret\u00ebr, q\u00eb na keshillojn\u00eb t\u00eb mos flasim p\u00ebr SPAK se i prishim qet\u00ebsin\u00eb.<\/p>\n<p>Por nj\u00eb SPAK q\u00eb nuk e v\u00ebn\u00eb n\u00eb levizje as krimi me perdhosjen e eshtrave t\u00eb t\u00eb larguarve nga kjo bot\u00eb \u00ebsht\u00eb nj\u00eb SPAK, qe duhet anatemuar me t\u00eb gjith\u00eb forc\u00ebn.<\/p>\n<p>&nbsp;<\/p>\n","protected":false},"excerpt":{"rendered":"<p>Nga Petrit VASILI Situata \u00ebsht\u00eb b\u00ebr\u00eb e padurueshme dhe shp\u00ebrthyese p\u00ebr shkak t\u00eb kapjes se drejt\u00ebsis\u00eb nga Rama dhe rilindja. Asnj\u00eb qytetar edhe ai me flegmatiku nuk mund t\u00eb mos z\u00ebm\u00ebrohet dhe eg\u00ebrsohet kur shikon se si kjo e ashtuquajtur drejt\u00ebsi e re ka vet\u00ebm e vet\u00ebm nj\u00eb qellim dhe objektiv: paprekshmerin\u00eb e qeveris\u00eb. T\u00eb &hellip;<\/p>\n","protected":false},"author":4,"featured_media":72273,"comment_status":"closed","ping_status":"closed","sticky":false,"template":"","format":"standard","meta":{"footnotes":""},"categories":[37],"tags":[],"class_list":["post-72268","post","type-post","status-publish","format-standard","has-post-thumbnail","","category-politike"],"_links":{"self":[{"href":"https:\/\/rdnews.al\/index.php\/wp-json\/wp\/v2\/posts\/72268","targetHints":{"allow":["GET"]}}],"collection":[{"href":"https:\/\/rdnews.al\/index.php\/wp-json\/wp\/v2\/posts"}],"about":[{"href":"https:\/\/rdnews.al\/index.php\/wp-json\/wp\/v2\/types\/post"}],"author":[{"embeddable":true,"href":"https:\/\/rdnews.al\/index.php\/wp-json\/wp\/v2\/users\/4"}],"replies":[{"embeddable":true,"href":"https:\/\/rdnews.al\/index.php\/wp-json\/wp\/v2\/comments?post=72268"}],"version-history":[{"count":0,"href":"https:\/\/rdnews.al\/index.php\/wp-json\/wp\/v2\/posts\/72268\/revisions"}],"wp:featuredmedia":[{"embeddable":true,"href":"https:\/\/rdnews.al\/index.php\/wp-json\/wp\/v2\/media\/72273"}],"wp:attachment":[{"href":"https:\/\/rdnews.al\/index.php\/wp-json\/wp\/v2\/media?parent=72268"}],"wp:term":[{"taxonomy":"category","embeddable":true,"href":"https:\/\/rdnews.al\/index.php\/wp-json\/wp\/v2\/categories?post=72268"},{"taxonomy":"post_tag","embeddable":true,"href":"https:\/\/rdnews.al\/index.php\/wp-json\/wp\/v2\/tags?post=72268"}],"curies":[{"name":"wp","href":"https:\/\/api.w.org\/{rel}","templated":true}]}}