{"id":72301,"date":"2024-02-26T11:36:05","date_gmt":"2024-02-26T11:36:05","guid":{"rendered":"https:\/\/rdnews.al\/?p=72301"},"modified":"2024-02-26T11:36:18","modified_gmt":"2024-02-26T11:36:18","slug":"skanda-shqiptaret-paguan-700-milione-euro-me-shume-taska-ne-vitin-2023","status":"publish","type":"post","link":"https:\/\/rdnews.al\/index.php\/2024\/02\/26\/skanda-shqiptaret-paguan-700-milione-euro-me-shume-taska-ne-vitin-2023\/","title":{"rendered":"Skandal\/Shqiptar\u00ebt paguan 700 milion\u00eb euro m\u00eb shum\u00eb taska n\u00eb vitin 2023"},"content":{"rendered":"<p><strong>Sali BERISHA<\/strong><\/p>\n<p>Mir\u00ebmbr\u00ebma dhe p\u00ebrsh\u00ebndetjet m\u00eb t\u00eb p\u00ebrzem\u00ebrta, ju luft\u00ebtar\u00ebve t\u00eb paepur t\u00eb liris\u00eb dhe dinjitetit, t\u00eb q\u00ebndres\u00ebs dhe shpres\u00ebs.<\/p>\n<p>Me q\u00ebndres\u00ebn tuaj, me z\u00ebrin tuaj, jeni b\u00ebr\u00eb udh\u00ebrr\u00ebfyes p\u00ebr mbar\u00eb shqiptar\u00ebt.<\/p>\n<p>\u00c7do nat\u00eb qytetar\u00ebt e k\u00ebtij vendi, ndjekin fjalimet tuaja, ndjekin parlamentin tuaj t\u00eb fjal\u00ebs s\u00eb lir\u00eb, i cili \u00ebsht\u00eb vite drite larg parlamentit Rama-Linda, i cili \u00ebsht\u00eb vite drite larg parlamentit t\u00eb krimit, q\u00eb voton buxhet n\u00eb 4 minuta, q\u00eb shtyp lirit\u00eb dhe t\u00eb drejtat e popullit opozitar.<\/p>\n<p>Nga kjo rrugic\u00eb, nga ky parlament ju p\u00ebrcillni shqiptar\u00ebve t\u00eb v\u00ebrteta e m\u00ebdha.<\/p>\n<p>Ju denonconi k\u00ebtu si luft\u00ebtar\u00eb t\u00eb pamposhtur, Edi Ram\u00ebn, monizmin e sh\u00ebmtuar t\u00eb tij, diktatur\u00ebn e tij, t\u00eb bazuar n\u00eb aleanc\u00ebn me krimin, drog\u00ebn dhe vjedhjen e shqiptar\u00ebve.<\/p>\n<p>N\u00eb aleanc\u00ebn si\u00e7 e kan\u00eb th\u00ebn\u00eb vet\u00eb me krenari, aleanc\u00ebn e qelb\u00ebsirave.<\/p>\n<p>\u00c7do nat\u00eb nga kjo rrugic\u00eb, me guxim, ju mbroni lirit\u00eb dhe t\u00eb drejtat e qytetar\u00ebve shqiptar\u00eb ndaj t\u00eb cilave sot ka nj\u00eb agresion nga narkoshteti, nj\u00eblloj si n\u00eb diktaturat e egra.<\/p>\n<p>Miqt\u00eb e mi!<\/p>\n<p>Jasht\u00eb dritave t\u00eb qytetit, n\u00eb burgjet e k\u00ebtij vendi \u00ebsht\u00eb ulur mesjeta.<\/p>\n<p>Shqip\u00ebria sot \u00ebsht\u00eb i vetmi vend n\u00eb Europ\u00eb, bot\u00eb, q\u00eb 62% t\u00eb t\u00eb gjith\u00eb t\u00eb burgosurve i ka me paraburgim.<\/p>\n<p>Ky \u00ebsht\u00eb dhunim masiv i t\u00eb drejtave t\u00eb njeriut.<\/p>\n<p>I ka me paraburgim se jan\u00eb t\u00eb pafajsh\u00ebm, sepse nuk ka akuz\u00eb mbi ta, sepse arrestohen vet\u00ebm e vet\u00ebm p\u00ebr statistika.<\/p>\n<p>Se ky minist\u00ebr q\u00eb \u00ebsht\u00eb turpi i ministrit, turpi i njeriut, q\u00eb \u00ebsht\u00eb i lidhur kok\u00eb e k\u00ebmb\u00eb me krimin, urdh\u00ebron dhe arrestohen njer\u00ebz pa asnj\u00eb lidhje me krimin, i plasin n\u00eb burgje dhe i l\u00ebn\u00eb aty.<\/p>\n<p>Ju denonconi k\u00ebtu nj\u00eb diktatur\u00eb, e cila nj\u00eblloj si n\u00eb Rusi, Tunizi, Ugand\u00eb, arreston si person n\u00ebn hetim, pa asnj\u00eb prov\u00eb, fakt apo dokument, kryetarin e PD-s\u00eb.<\/p>\n<p>Arreston tjetrin pse ka marr\u00eb 410 metra tok\u00eb t\u00eb veten, trash\u00ebgim t\u00eb familjar\u00ebve t\u00eb tij.<\/p>\n<p>Ju denonconi nj\u00eb diktatur\u00eb t\u00eb sh\u00ebmtuar q\u00eb ka krijuar p\u00ebr vete, drejt\u00ebsin\u00eb m\u00eb t\u00eb sh\u00ebmtuar m\u00eb t\u00eb shp\u00ebrfytyruar q\u00eb ka pasur dhe ka Shqip\u00ebria  apo ndonj\u00eb vend tjet\u00ebr.<\/p>\n<p>T\u00eb dashur miq!<\/p>\n<p>P\u00ebrs\u00ebri denoncoj vendimin e Gjykat\u00ebs s\u00eb Lart\u00eb si nj\u00eb vendim stalinist, si nj\u00eb vendim turpi, si nj\u00eb vendim njer\u00ebzish t\u00eb marr\u00eb peng p\u00ebr vjedhjet e tyre, pasurit\u00eb e tyre.<\/p>\n<p>Pasi Gjykata e t\u00eb Drejtave t\u00eb Njeriut t\u00eb OKB-s\u00eb, i denoncoi q\u00ebndrimet ndaj gazetarit, tre gjykat\u00ebs n\u00ebn presionin e Edi Ram\u00ebs, n\u00ebp\u00ebrmjet hanxharit t\u00eb tij Dumani, vendosin t\u00eb kund\u00ebrt\u00ebn, firmosin t\u00eb kund\u00ebrt\u00ebn e asaj q\u00eb kan\u00eb firmosur nj\u00eb vit m\u00eb par\u00eb.<\/p>\n<p>Hanxhar\u00eb t\u00eb fjal\u00ebs s\u00eb lir\u00eb dhe liris\u00eb s\u00eb medieve.<\/p>\n<p>\u00c7do nat\u00eb k\u00ebtu denonconi me guxim vjedhjet e tmerrshme q\u00eb u b\u00ebhen qytetar\u00ebve shqiptar\u00eb.<\/p>\n<p>Ju e d\u00ebgjuat, that\u00eb k\u00ebtu se shqiptar\u00ebt n\u00eb vitin 2023 paguan 700 milion\u00eb euro taksa m\u00eb shum\u00eb.<\/p>\n<p>T\u00eb dashur qytetar\u00eb, a e dini sa jan\u00eb 700 mln euro?<\/p>\n<p>Ua them un\u00eb.<\/p>\n<p>700 mln euro jan\u00eb fiks rroga 100 p\u00ebr qind m\u00eb t\u00eb larta p\u00ebr t\u00eb gjith\u00eb punonj\u00ebsit n\u00eb Shqip\u00ebri.<\/p>\n<p>700 mln euro \u00ebsht\u00eb fondi i pagave n\u00eb Republik\u00ebn e Shqip\u00ebris\u00eb.<\/p>\n<p>Mos harroni se k\u00ebto jan\u00eb vet\u00ebm shtes\u00eb, sepse n\u00eb 10 vite nga taksat tuaja jan\u00eb investuar gjoja 11 miliard\u00eb euro.<\/p>\n<p>Po ku jan\u00eb, ku kan\u00eb shkuar, \u00e7far\u00eb kan\u00eb nd\u00ebrtuar?<\/p>\n<p>Rrug\u00eb q\u00eb shemben, shkolla me \u00e7mime t\u00eb 5-10 fishta, rrug\u00eb q\u00eb i shtrojn\u00eb me buk\u00eb peshku. Nuk ka form\u00eb vjedhje q\u00eb Edi Rama nuk e aplikon mbi shqiptar\u00ebt.<\/p>\n<p>Cilido q\u00eb ka lexuar apo par\u00eb filmin \u2018T\u00eb Mjer\u00ebt\u2019, i kujtohet aty nj\u00eb personazh, nj\u00eb rreshter, q\u00eb quhej Talardje. N\u00eb fush\u00ebbetej\u00eb ai vidhte t\u00eb plagosurit dhe t\u00eb vdekurit. U hiqte or\u00ebt, unazat dhe gj\u00ebrat e \u00e7muara.<\/p>\n<p>Po punonj\u00ebsit e bashkis\u00eb s\u00eb Erion Veliajt q\u00eb tregtojn\u00eb eshtrat, skeletet e foshnjave.<\/p>\n<p>A ka m\u00eb faqezi se ata mbi tok\u00eb, a ka turp m\u00eb t\u00eb madh se t\u00eb kesh nj\u00eb kryetar t\u00eb till\u00eb bashkie.<\/p>\n<p>A ka turp m\u00eb t\u00eb madh dhe krim m\u00eb t\u00eb sh\u00ebmtuar se tregtia me varret e f\u00ebmij\u00ebve. A kan\u00eb f\u00ebmij\u00eb k\u00ebta, a kan\u00eb njer\u00ebz k\u00ebta. K\u00ebta i ka tjet\u00ebrsuar vjedhja, k\u00ebta i p\u00ebrkasin krimit dhe vet\u00ebm krimit.<\/p>\n<p>K\u00ebta nuk jan\u00eb m\u00eb qenie njer\u00ebzore, nuk kan\u00eb dinjitet, jan\u00eb skllev\u00ebr t\u00eb krimeve t\u00eb tyre, duhet ti largojm\u00eb nj\u00eb or\u00eb e m\u00eb par\u00eb nga pushteti.<\/p>\n<p>T\u00eb dashur miq!<\/p>\n<p>Kjo jav\u00eb ka b\u00ebr\u00eb krenar \u00e7do shqiptar. Ka b\u00ebr\u00eb me krah \u00e7do shqiptar, sepse shqiptar\u00ebt e pan\u00eb n\u00eb 20 shkurt se cila \u00ebsht\u00eb fuqia magjike e bashkimit t\u00eb tyre.<\/p>\n<p>Se me bashkimin e tyre tejkaluan \u00e7do lloj parashikimi.<\/p>\n<p>Trondit\u00ebn n\u00eb themele Edi Ram\u00ebn dhe suit\u00ebn e tij, organizat\u00ebn kriminale t\u00eb tij, qeveri.<\/p>\n<p>Rezonuan n\u00eb t\u00eb gjith\u00eb bot\u00ebn.<\/p>\n<p>Prandaj ju drejtohem ju misionar\u00ebve t\u00eb bashkimit, t\u00eb b\u00ebni gjith\u00e7ka, t\u00eb bashkohemi si kurr\u00eb m\u00eb par\u00eb me \u00e7do shqiptar q\u00eb \u00ebsht\u00eb i gatsh\u00ebm t\u00eb luftoj\u00eb p\u00ebr lirin\u00eb dhe dinjitetin e tij.<\/p>\n<p>Me \u00e7do shqiptar q\u00eb \u00ebsht\u00eb i gatsh\u00ebm t\u00eb luftoj\u00eb p\u00ebr interesin komb\u00ebtar t\u00eb k\u00ebtij vendi dhe kombi.<\/p>\n<p>Me \u00e7do shqiptar q\u00eb \u00ebsht\u00eb i gatsh\u00ebm t\u00eb p\u00ebrballet me k\u00ebt\u00eb regjim krimi, droge dhe vjedhje t\u00eb Edi Ram\u00ebs.<\/p>\n<p>Edi Rama \u00ebsht\u00eb tronditur thell\u00eb gjer n\u00eb palc\u00eb. E kam th\u00ebn\u00eb dhe u them nuk ka njeri m\u00eb frikacak mbi tok\u00eb se at\u00eb.<\/p>\n<p>Mos e harroni kurr\u00eb k\u00ebt\u00eb.<\/p>\n<p>K\u00ebto 2-3 dit\u00ebt e fundit, Edi Rama hap thashetheme dhe fjal\u00eb se ai, nuk k\u00ebrkon nj\u00eb mandat tjet\u00ebr. Nga ana tjet\u00ebr l\u00eb t\u00eb kuptohet posht\u00eb e p\u00ebrpjet\u00eb se ka b\u00ebr\u00eb marr\u00ebveshje si McGonigali.<\/p>\n<p>Tani m\u00eb lejoni t\u00eb ju them ju. Edi Rama s\u00eb pari asnjeri nuk beson mashtrimet e tua dhe \u00e7do marr\u00ebveshje q\u00eb mund t\u00eb kesh b\u00ebr\u00eb, do ta grisim dhe ta hedhim n\u00eb koshin e plehrave.<\/p>\n<p>Do t\u00eb jen\u00eb qytetar\u00ebt shqiptar\u00eb q\u00eb do t\u00eb b\u00ebjn\u00eb gjyqin n\u00eb bank\u00ebn e t\u00eb akuzuarit, gjyqin e historis\u00eb.<\/p>\n<p>Nuk ke shp\u00ebtim.<\/p>\n<p>\u00cbnd\u00ebrra jote p\u00ebr Shqip\u00ebrin\u00eb p\u00ebr opozit\u00eb, ka marr\u00eb fund.<\/p>\n<p>Shqip\u00ebria sot ka opozit\u00eb m\u00eb t\u00eb fuqishme se kurr\u00eb.<\/p>\n<p>Vajator\u00ebt e tu, larot e Shqip\u00ebris\u00eb pa opozit\u00eb q\u00eb u sulmojn\u00eb ju, q\u00eb sulmojn\u00eb demokrat\u00ebt nga m\u00ebngjesi gjer n\u00eb dark\u00eb jan\u00eb skllev\u00ebr t\u00eb organizat\u00ebs kriminale t\u00eb qeveris\u00eb.<\/p>\n<p>Jan\u00eb skllev\u00ebr t\u00eb firmave t\u00eb tyre, t\u00eb parave t\u00eb krimit me t\u00eb cilat mbrohen.<\/p>\n<p>Ndaj dhe asnj\u00eb ndikim nga fushata e tyre e turpshme, e shpifur, e mashtrimit e sharjeve se ata p\u00ebrfaq\u00ebsojn\u00eb thjesht\u00eb larot e Edi Ram\u00ebs, larot e regjimit, larot e krimeve qeveritare dhe t\u00eb veta.<\/p>\n<p>S\u00eb fundi, nj\u00eb mesazh p\u00ebr fermer\u00ebt e Shqip\u00ebris\u00eb, por edhe p\u00ebr t\u00eb gjith\u00eb qytetar\u00ebt.<\/p>\n<p>T\u00eb mb\u00ebshtesim fermer\u00ebt.<\/p>\n<p>U b\u00ebj thirrje fermer\u00ebve dilni n\u00eb rrug\u00eb me t\u00eb gjitha mjetet tuaja, sepse n\u00eb shekuj p\u00ebrve\u00e7 hiperkolektivizmit nuk keni patur nj\u00eb armik t\u00eb eg\u00ebr si regjimin e Edi Ram\u00ebs.<\/p>\n<p>Dilni n\u00eb rrug\u00eb me t\u00eb gjitha mjetet tuaja dhe ju garantoj se demokrat\u00ebt, mbar\u00eb shqiptar\u00ebt do t\u00eb mb\u00ebshtesin kauz\u00ebn tuaj t\u00eb drejt\u00eb dhe ju do t\u00eb fitoni.<\/p>\n<p>Edhe nj\u00ebher\u00eb mir\u00ebnjohje t\u00eb pakufishme ndaj jush.<\/p>\n<p>Fitore, fitore, fitore.<\/p>\n<p>Rrofshi ju, rroft\u00eb Shqip\u00ebria.<\/p>\n<p>Rroft\u00eb flamuri i Partis\u00eb Demokratike, flamuri i fitores.<\/p>\n<p>Faleminderit shum\u00eb.<\/p>\n","protected":false},"excerpt":{"rendered":"<p>Sali BERISHA Mir\u00ebmbr\u00ebma dhe p\u00ebrsh\u00ebndetjet m\u00eb t\u00eb p\u00ebrzem\u00ebrta, ju luft\u00ebtar\u00ebve t\u00eb paepur t\u00eb liris\u00eb dhe dinjitetit, t\u00eb q\u00ebndres\u00ebs dhe shpres\u00ebs. Me q\u00ebndres\u00ebn tuaj, me z\u00ebrin tuaj, jeni b\u00ebr\u00eb udh\u00ebrr\u00ebfyes p\u00ebr mbar\u00eb shqiptar\u00ebt. \u00c7do nat\u00eb qytetar\u00ebt e k\u00ebtij vendi, ndjekin fjalimet tuaja, ndjekin parlamentin tuaj t\u00eb fjal\u00ebs s\u00eb lir\u00eb, i cili \u00ebsht\u00eb vite drite larg parlamentit &hellip;<\/p>\n","protected":false},"author":3,"featured_media":27396,"comment_status":"closed","ping_status":"closed","sticky":false,"template":"","format":"standard","meta":{"footnotes":""},"categories":[44],"tags":[],"class_list":["post-72301","post","type-post","status-publish","format-standard","has-post-thumbnail","","category-editorial"],"_links":{"self":[{"href":"https:\/\/rdnews.al\/index.php\/wp-json\/wp\/v2\/posts\/72301","targetHints":{"allow":["GET"]}}],"collection":[{"href":"https:\/\/rdnews.al\/index.php\/wp-json\/wp\/v2\/posts"}],"about":[{"href":"https:\/\/rdnews.al\/index.php\/wp-json\/wp\/v2\/types\/post"}],"author":[{"embeddable":true,"href":"https:\/\/rdnews.al\/index.php\/wp-json\/wp\/v2\/users\/3"}],"replies":[{"embeddable":true,"href":"https:\/\/rdnews.al\/index.php\/wp-json\/wp\/v2\/comments?post=72301"}],"version-history":[{"count":0,"href":"https:\/\/rdnews.al\/index.php\/wp-json\/wp\/v2\/posts\/72301\/revisions"}],"wp:featuredmedia":[{"embeddable":true,"href":"https:\/\/rdnews.al\/index.php\/wp-json\/wp\/v2\/media\/27396"}],"wp:attachment":[{"href":"https:\/\/rdnews.al\/index.php\/wp-json\/wp\/v2\/media?parent=72301"}],"wp:term":[{"taxonomy":"category","embeddable":true,"href":"https:\/\/rdnews.al\/index.php\/wp-json\/wp\/v2\/categories?post=72301"},{"taxonomy":"post_tag","embeddable":true,"href":"https:\/\/rdnews.al\/index.php\/wp-json\/wp\/v2\/tags?post=72301"}],"curies":[{"name":"wp","href":"https:\/\/api.w.org\/{rel}","templated":true}]}}